{"id":1545,"date":"2022-04-14T10:23:29","date_gmt":"2022-04-14T09:23:29","guid":{"rendered":"https:\/\/thelabinthebag.com\/fr\/?p=1545"},"modified":"2022-04-14T10:25:49","modified_gmt":"2022-04-14T09:25:49","slug":"une-salle-immersive-multisensorielle-chez-paul-bocuse","status":"publish","type":"post","link":"https:\/\/thelabinthebag.com\/fr\/une-salle-immersive-multisensorielle-chez-paul-bocuse\/","title":{"rendered":"Une salle Immersive Multisensorielle chez Paul Bocuse"},"content":{"rendered":"<h2><span style=\"color: #008080;\"><strong>Cr\u00e9er un concept de restaurant \u00e9ph\u00e9m\u00e8re et le tester en condition r\u00e9elle :<\/strong><\/span><\/h2>\n<p>Un projet de fin d&rsquo;\u00e9tudes attendu par les \u00e9tudiants en Bachelor Management International des Arts Culinaires pour cl\u00f4turer leur cursus.<\/p>\n<p>Ce projet \u00ab\u00a0Pop up\u00a0\u00bb phare illustre l&rsquo;approche p\u00e9dagogique de <a href=\"https:\/\/www.linkedin.com\/company\/institut-paul-bocuse\/\" data-attribute-index=\"0\" data-entity-hovercard-id=\"urn:li:fs_miniCompany:117582\" data-entity-type=\"MINI_COMPANY\">l&rsquo;Institut Paul Bocuse<\/a> en valorisant l&rsquo;apprentissage par l&rsquo;exp\u00e9rience, le d\u00e9veloppement de la cr\u00e9ativit\u00e9, la compl\u00e9mentarit\u00e9 des enseignements\u00a0manag\u00e9riaux et op\u00e9rationnels.<\/p>\n<p>Depuis 2021, une salle immersive multisensorielle de <a href=\"https:\/\/theroomforthesenses.com\/solutions\/\">The Lab In The Bag<\/a> est \u00e0 leur disposition pour donner vie \u00e0 leur concept.<\/p>\n<p>&nbsp;<\/p>\n","protected":false},"excerpt":{"rendered":"<p>Cr\u00e9er un concept de restaurant \u00e9ph\u00e9m\u00e8re et le tester en condition r\u00e9elle : Un projet de fin d&rsquo;\u00e9tudes attendu par les \u00e9tudiants en Bachelor Management International des Arts Culinaires pour cl\u00f4turer leur cursus. Ce projet \u00ab\u00a0Pop up\u00a0\u00bb phare illustre l&rsquo;approche p\u00e9dagogique de l&rsquo;Institut Paul Bocuse en valorisant l&rsquo;apprentissage par l&rsquo;exp\u00e9rience, le d\u00e9veloppement de la cr\u00e9ativit\u00e9, [&hellip;]<\/p>\n","protected":false},"author":5,"featured_media":1547,"comment_status":"open","ping_status":"open","sticky":false,"template":"","format":"standard","meta":{"footnotes":""},"categories":[1],"tags":[],"class_list":["post-1545","post","type-post","status-publish","format-standard","has-post-thumbnail","hentry","category-actualites"],"yoast_head":"<!-- This site is optimized with the Yoast SEO plugin v27.4 - https:\/\/yoast.com\/product\/yoast-seo-wordpress\/ -->\n<title>Une salle Immersive Multisensorielle chez Paul Bocuse - THE LAB in The Bag FR<\/title>\n<meta name=\"robots\" content=\"index, follow, max-snippet:-1, max-image-preview:large, max-video-preview:-1\" \/>\n<link rel=\"canonical\" href=\"https:\/\/thelabinthebag.com\/fr\/une-salle-immersive-multisensorielle-chez-paul-bocuse\/\" \/>\n<meta name=\"twitter:label1\" content=\"\u00c9crit par\" \/>\n\t<meta name=\"twitter:data1\" content=\"fabiven\" \/>\n<script type=\"application\/ld+json\" class=\"yoast-schema-graph\">{\"@context\":\"https:\\\/\\\/schema.org\",\"@graph\":[{\"@type\":\"Article\",\"@id\":\"https:\\\/\\\/thelabinthebag.com\\\/fr\\\/une-salle-immersive-multisensorielle-chez-paul-bocuse\\\/#article\",\"isPartOf\":{\"@id\":\"https:\\\/\\\/thelabinthebag.com\\\/fr\\\/une-salle-immersive-multisensorielle-chez-paul-bocuse\\\/\"},\"author\":{\"name\":\"fabiven\",\"@id\":\"https:\\\/\\\/thelabinthebag.com\\\/fr\\\/#\\\/schema\\\/person\\\/3eed0d43927eccbaced4dd9e14c914d7\"},\"headline\":\"Une salle Immersive Multisensorielle chez Paul Bocuse\",\"datePublished\":\"2022-04-14T09:23:29+00:00\",\"dateModified\":\"2022-04-14T09:25:49+00:00\",\"mainEntityOfPage\":{\"@id\":\"https:\\\/\\\/thelabinthebag.com\\\/fr\\\/une-salle-immersive-multisensorielle-chez-paul-bocuse\\\/\"},\"wordCount\":101,\"commentCount\":0,\"image\":{\"@id\":\"https:\\\/\\\/thelabinthebag.com\\\/fr\\\/une-salle-immersive-multisensorielle-chez-paul-bocuse\\\/#primaryimage\"},\"thumbnailUrl\":\"https:\\\/\\\/thelabinthebag.com\\\/fr\\\/wp-content\\\/uploads\\\/sites\\\/3\\\/2022\\\/04\\\/ipb-scaled.jpg\",\"articleSection\":[\"Actualit\u00e9s\"],\"inLanguage\":\"fr-FR\",\"potentialAction\":[{\"@type\":\"CommentAction\",\"name\":\"Comment\",\"target\":[\"https:\\\/\\\/thelabinthebag.com\\\/fr\\\/une-salle-immersive-multisensorielle-chez-paul-bocuse\\\/#respond\"]}]},{\"@type\":\"WebPage\",\"@id\":\"https:\\\/\\\/thelabinthebag.com\\\/fr\\\/une-salle-immersive-multisensorielle-chez-paul-bocuse\\\/\",\"url\":\"https:\\\/\\\/thelabinthebag.com\\\/fr\\\/une-salle-immersive-multisensorielle-chez-paul-bocuse\\\/\",\"name\":\"Une salle Immersive Multisensorielle chez Paul Bocuse - THE LAB in The Bag FR\",\"isPartOf\":{\"@id\":\"https:\\\/\\\/thelabinthebag.com\\\/fr\\\/#website\"},\"primaryImageOfPage\":{\"@id\":\"https:\\\/\\\/thelabinthebag.com\\\/fr\\\/une-salle-immersive-multisensorielle-chez-paul-bocuse\\\/#primaryimage\"},\"image\":{\"@id\":\"https:\\\/\\\/thelabinthebag.com\\\/fr\\\/une-salle-immersive-multisensorielle-chez-paul-bocuse\\\/#primaryimage\"},\"thumbnailUrl\":\"https:\\\/\\\/thelabinthebag.com\\\/fr\\\/wp-content\\\/uploads\\\/sites\\\/3\\\/2022\\\/04\\\/ipb-scaled.jpg\",\"datePublished\":\"2022-04-14T09:23:29+00:00\",\"dateModified\":\"2022-04-14T09:25:49+00:00\",\"author\":{\"@id\":\"https:\\\/\\\/thelabinthebag.com\\\/fr\\\/#\\\/schema\\\/person\\\/3eed0d43927eccbaced4dd9e14c914d7\"},\"breadcrumb\":{\"@id\":\"https:\\\/\\\/thelabinthebag.com\\\/fr\\\/une-salle-immersive-multisensorielle-chez-paul-bocuse\\\/#breadcrumb\"},\"inLanguage\":\"fr-FR\",\"potentialAction\":[{\"@type\":\"ReadAction\",\"target\":[\"https:\\\/\\\/thelabinthebag.com\\\/fr\\\/une-salle-immersive-multisensorielle-chez-paul-bocuse\\\/\"]}]},{\"@type\":\"ImageObject\",\"inLanguage\":\"fr-FR\",\"@id\":\"https:\\\/\\\/thelabinthebag.com\\\/fr\\\/une-salle-immersive-multisensorielle-chez-paul-bocuse\\\/#primaryimage\",\"url\":\"https:\\\/\\\/thelabinthebag.com\\\/fr\\\/wp-content\\\/uploads\\\/sites\\\/3\\\/2022\\\/04\\\/ipb-scaled.jpg\",\"contentUrl\":\"https:\\\/\\\/thelabinthebag.com\\\/fr\\\/wp-content\\\/uploads\\\/sites\\\/3\\\/2022\\\/04\\\/ipb-scaled.jpg\",\"width\":2560,\"height\":1344},{\"@type\":\"BreadcrumbList\",\"@id\":\"https:\\\/\\\/thelabinthebag.com\\\/fr\\\/une-salle-immersive-multisensorielle-chez-paul-bocuse\\\/#breadcrumb\",\"itemListElement\":[{\"@type\":\"ListItem\",\"position\":1,\"name\":\"Home\",\"item\":\"https:\\\/\\\/thelabinthebag.com\\\/fr\\\/\"},{\"@type\":\"ListItem\",\"position\":2,\"name\":\"Une salle Immersive Multisensorielle chez Paul Bocuse\"}]},{\"@type\":\"WebSite\",\"@id\":\"https:\\\/\\\/thelabinthebag.com\\\/fr\\\/#website\",\"url\":\"https:\\\/\\\/thelabinthebag.com\\\/fr\\\/\",\"name\":\"THE LAB in The Bag FR\",\"description\":\"\",\"potentialAction\":[{\"@type\":\"SearchAction\",\"target\":{\"@type\":\"EntryPoint\",\"urlTemplate\":\"https:\\\/\\\/thelabinthebag.com\\\/fr\\\/?s={search_term_string}\"},\"query-input\":{\"@type\":\"PropertyValueSpecification\",\"valueRequired\":true,\"valueName\":\"search_term_string\"}}],\"inLanguage\":\"fr-FR\"},{\"@type\":\"Person\",\"@id\":\"https:\\\/\\\/thelabinthebag.com\\\/fr\\\/#\\\/schema\\\/person\\\/3eed0d43927eccbaced4dd9e14c914d7\",\"name\":\"fabiven\",\"image\":{\"@type\":\"ImageObject\",\"inLanguage\":\"fr-FR\",\"@id\":\"https:\\\/\\\/secure.gravatar.com\\\/avatar\\\/889c8e027ad07f3d7381ae76f3d24d73e04876b107f596c2b538093aaaee1a26?s=96&d=mm&r=g\",\"url\":\"https:\\\/\\\/secure.gravatar.com\\\/avatar\\\/889c8e027ad07f3d7381ae76f3d24d73e04876b107f596c2b538093aaaee1a26?s=96&d=mm&r=g\",\"contentUrl\":\"https:\\\/\\\/secure.gravatar.com\\\/avatar\\\/889c8e027ad07f3d7381ae76f3d24d73e04876b107f596c2b538093aaaee1a26?s=96&d=mm&r=g\",\"caption\":\"fabiven\"},\"url\":\"https:\\\/\\\/thelabinthebag.com\\\/fr\\\/author\\\/abiven\\\/\"}]}<\/script>\n<!-- \/ Yoast SEO plugin. -->","yoast_head_json":{"title":"Une salle Immersive Multisensorielle chez Paul Bocuse - THE LAB in The Bag FR","robots":{"index":"index","follow":"follow","max-snippet":"max-snippet:-1","max-image-preview":"max-image-preview:large","max-video-preview":"max-video-preview:-1"},"canonical":"https:\/\/thelabinthebag.com\/fr\/une-salle-immersive-multisensorielle-chez-paul-bocuse\/","twitter_misc":{"\u00c9crit par":"fabiven"},"schema":{"@context":"https:\/\/schema.org","@graph":[{"@type":"Article","@id":"https:\/\/thelabinthebag.com\/fr\/une-salle-immersive-multisensorielle-chez-paul-bocuse\/#article","isPartOf":{"@id":"https:\/\/thelabinthebag.com\/fr\/une-salle-immersive-multisensorielle-chez-paul-bocuse\/"},"author":{"name":"fabiven","@id":"https:\/\/thelabinthebag.com\/fr\/#\/schema\/person\/3eed0d43927eccbaced4dd9e14c914d7"},"headline":"Une salle Immersive Multisensorielle chez Paul Bocuse","datePublished":"2022-04-14T09:23:29+00:00","dateModified":"2022-04-14T09:25:49+00:00","mainEntityOfPage":{"@id":"https:\/\/thelabinthebag.com\/fr\/une-salle-immersive-multisensorielle-chez-paul-bocuse\/"},"wordCount":101,"commentCount":0,"image":{"@id":"https:\/\/thelabinthebag.com\/fr\/une-salle-immersive-multisensorielle-chez-paul-bocuse\/#primaryimage"},"thumbnailUrl":"https:\/\/thelabinthebag.com\/fr\/wp-content\/uploads\/sites\/3\/2022\/04\/ipb-scaled.jpg","articleSection":["Actualit\u00e9s"],"inLanguage":"fr-FR","potentialAction":[{"@type":"CommentAction","name":"Comment","target":["https:\/\/thelabinthebag.com\/fr\/une-salle-immersive-multisensorielle-chez-paul-bocuse\/#respond"]}]},{"@type":"WebPage","@id":"https:\/\/thelabinthebag.com\/fr\/une-salle-immersive-multisensorielle-chez-paul-bocuse\/","url":"https:\/\/thelabinthebag.com\/fr\/une-salle-immersive-multisensorielle-chez-paul-bocuse\/","name":"Une salle Immersive Multisensorielle chez Paul Bocuse - THE LAB in The Bag FR","isPartOf":{"@id":"https:\/\/thelabinthebag.com\/fr\/#website"},"primaryImageOfPage":{"@id":"https:\/\/thelabinthebag.com\/fr\/une-salle-immersive-multisensorielle-chez-paul-bocuse\/#primaryimage"},"image":{"@id":"https:\/\/thelabinthebag.com\/fr\/une-salle-immersive-multisensorielle-chez-paul-bocuse\/#primaryimage"},"thumbnailUrl":"https:\/\/thelabinthebag.com\/fr\/wp-content\/uploads\/sites\/3\/2022\/04\/ipb-scaled.jpg","datePublished":"2022-04-14T09:23:29+00:00","dateModified":"2022-04-14T09:25:49+00:00","author":{"@id":"https:\/\/thelabinthebag.com\/fr\/#\/schema\/person\/3eed0d43927eccbaced4dd9e14c914d7"},"breadcrumb":{"@id":"https:\/\/thelabinthebag.com\/fr\/une-salle-immersive-multisensorielle-chez-paul-bocuse\/#breadcrumb"},"inLanguage":"fr-FR","potentialAction":[{"@type":"ReadAction","target":["https:\/\/thelabinthebag.com\/fr\/une-salle-immersive-multisensorielle-chez-paul-bocuse\/"]}]},{"@type":"ImageObject","inLanguage":"fr-FR","@id":"https:\/\/thelabinthebag.com\/fr\/une-salle-immersive-multisensorielle-chez-paul-bocuse\/#primaryimage","url":"https:\/\/thelabinthebag.com\/fr\/wp-content\/uploads\/sites\/3\/2022\/04\/ipb-scaled.jpg","contentUrl":"https:\/\/thelabinthebag.com\/fr\/wp-content\/uploads\/sites\/3\/2022\/04\/ipb-scaled.jpg","width":2560,"height":1344},{"@type":"BreadcrumbList","@id":"https:\/\/thelabinthebag.com\/fr\/une-salle-immersive-multisensorielle-chez-paul-bocuse\/#breadcrumb","itemListElement":[{"@type":"ListItem","position":1,"name":"Home","item":"https:\/\/thelabinthebag.com\/fr\/"},{"@type":"ListItem","position":2,"name":"Une salle Immersive Multisensorielle chez Paul Bocuse"}]},{"@type":"WebSite","@id":"https:\/\/thelabinthebag.com\/fr\/#website","url":"https:\/\/thelabinthebag.com\/fr\/","name":"THE LAB in The Bag FR","description":"","potentialAction":[{"@type":"SearchAction","target":{"@type":"EntryPoint","urlTemplate":"https:\/\/thelabinthebag.com\/fr\/?s={search_term_string}"},"query-input":{"@type":"PropertyValueSpecification","valueRequired":true,"valueName":"search_term_string"}}],"inLanguage":"fr-FR"},{"@type":"Person","@id":"https:\/\/thelabinthebag.com\/fr\/#\/schema\/person\/3eed0d43927eccbaced4dd9e14c914d7","name":"fabiven","image":{"@type":"ImageObject","inLanguage":"fr-FR","@id":"https:\/\/secure.gravatar.com\/avatar\/889c8e027ad07f3d7381ae76f3d24d73e04876b107f596c2b538093aaaee1a26?s=96&d=mm&r=g","url":"https:\/\/secure.gravatar.com\/avatar\/889c8e027ad07f3d7381ae76f3d24d73e04876b107f596c2b538093aaaee1a26?s=96&d=mm&r=g","contentUrl":"https:\/\/secure.gravatar.com\/avatar\/889c8e027ad07f3d7381ae76f3d24d73e04876b107f596c2b538093aaaee1a26?s=96&d=mm&r=g","caption":"fabiven"},"url":"https:\/\/thelabinthebag.com\/fr\/author\/abiven\/"}]}},"_links":{"self":[{"href":"https:\/\/thelabinthebag.com\/fr\/wp-json\/wp\/v2\/posts\/1545","targetHints":{"allow":["GET"]}}],"collection":[{"href":"https:\/\/thelabinthebag.com\/fr\/wp-json\/wp\/v2\/posts"}],"about":[{"href":"https:\/\/thelabinthebag.com\/fr\/wp-json\/wp\/v2\/types\/post"}],"author":[{"embeddable":true,"href":"https:\/\/thelabinthebag.com\/fr\/wp-json\/wp\/v2\/users\/5"}],"replies":[{"embeddable":true,"href":"https:\/\/thelabinthebag.com\/fr\/wp-json\/wp\/v2\/comments?post=1545"}],"version-history":[{"count":0,"href":"https:\/\/thelabinthebag.com\/fr\/wp-json\/wp\/v2\/posts\/1545\/revisions"}],"wp:featuredmedia":[{"embeddable":true,"href":"https:\/\/thelabinthebag.com\/fr\/wp-json\/wp\/v2\/media\/1547"}],"wp:attachment":[{"href":"https:\/\/thelabinthebag.com\/fr\/wp-json\/wp\/v2\/media?parent=1545"}],"wp:term":[{"taxonomy":"category","embeddable":true,"href":"https:\/\/thelabinthebag.com\/fr\/wp-json\/wp\/v2\/categories?post=1545"},{"taxonomy":"post_tag","embeddable":true,"href":"https:\/\/thelabinthebag.com\/fr\/wp-json\/wp\/v2\/tags?post=1545"}],"curies":[{"name":"wp","href":"https:\/\/api.w.org\/{rel}","templated":true}]}}