{"id":1646,"date":"2024-01-30T17:00:38","date_gmt":"2024-01-30T16:00:38","guid":{"rendered":"https:\/\/thelabinthebag.com\/fr\/?p=1646"},"modified":"2024-02-01T10:11:32","modified_gmt":"2024-02-01T09:11:32","slug":"experience-creative-multisensorielle","status":"publish","type":"post","link":"https:\/\/thelabinthebag.com\/fr\/experience-creative-multisensorielle\/","title":{"rendered":"L&rsquo;exp\u00e9rience cr\u00e9ative multisensorielle : les nouveaux ateliers cr\u00e9atifs co-cr\u00e9\u00e9s par Rep\u00e8res, Lyfe Institute, and Creative Emulsion."},"content":{"rendered":"<h2><b>Plongez dans l&rsquo;exp\u00e9rience cr\u00e9ative multisensorielle<span class=\"Apple-converted-space\">\u00a0<\/span><\/b><b>pour un avenir prosp\u00e8re des entreprises !<\/b><\/h2>\n<p class=\"p1\">Dans l&rsquo;effervescence du 21<span class=\"s1\"><sup>e<\/sup><\/span> si\u00e8cle, la cr\u00e9ativit\u00e9 appara\u00eet comme un levier essentiel et incontournable pour aider les entreprises \u00e0 naviguer \u00e0 travers des d\u00e9fis constants.<span class=\"Apple-converted-space\">\u00a0<\/span><\/p>\n<p class=\"p1\">La cr\u00e9ativit\u00e9 est souvent per\u00e7ue comme un processus purement cognitif, mais c\u2019est en r\u00e9alit\u00e9 un processus multimodal qui r\u00e9sulte de l&rsquo;int\u00e9gration de r\u00e9seaux c\u00e9r\u00e9braux et de modalit\u00e9s sensorielles. La vue, l&rsquo;ou\u00efe, l&rsquo;odorat, le toucher et le go\u00fbt, v\u00e9ritables architectes des r\u00e9ponses \u00e9motionnelles, h\u00e9doniques et comportementales des consommateurs impactent la pens\u00e9e cr\u00e9ative.<span class=\"Apple-converted-space\">\u00a0<\/span><\/p>\n<p class=\"p1\">Des \u00e9tudes scientifiques<span class=\"s1\"><sup>1,2,3<\/sup><\/span> ont ainsi r\u00e9v\u00e9l\u00e9 que les modalit\u00e9s sensorielles agissent de mani\u00e8re sp\u00e9cifique sur des processus cr\u00e9atifs tels que la pens\u00e9e divergente (c\u2019est-\u00e0-dire l\u2019association d\u2019id\u00e9es) ou la pens\u00e9e convergente (autrement dit la cr\u00e9ation d\u2019une nouvelle id\u00e9e \u00e0 partir de la combinaison et de la s\u00e9lection de diff\u00e9rents stimuli).<span class=\"Apple-converted-space\">\u00a0<\/span><\/p>\n<h3 class=\"p2\"><b>Booster la cr\u00e9ativit\u00e9 en jouant sur les sens dans un espace immersif multisensoriel<\/b><\/h3>\n<p class=\"p1\">Les \u00e9quipes de la soci\u00e9t\u00e9 <a href=\"https:\/\/reperes.eu\/\"><span class=\"s2\">Rep\u00e8res<\/span><\/a>, du <a href=\"https:\/\/www.institutlyfe.com\/institut-lyfe\/recherche-science-innovation\/\"><span class=\"s2\">centre de recherche et d\u2019innovation de l\u2019Institut Lyfe<\/span><\/a> (anciennement Institut Paul Bocuse), et de l\u2019agence<span class=\"s3\"> <a href=\"https:\/\/www.emulsioncreative.com\/\"><span class=\"s4\">\u00c9mulsion Cr\u00e9ative<\/span><\/a><\/span> unissent leurs forces pour offrir aux entreprises un acc\u00e8s \u00e0 des approches cr\u00e9atives enrichies par la stimulation des sens.<span class=\"Apple-converted-space\">\u00a0<\/span><\/p>\n<p class=\"p1\">En utilisant les technologies <a href=\"https:\/\/thelabinthebag.com\/fr\/\"><span class=\"s2\">The Lab in the Bag<\/span><\/a>, ils proposent des ateliers cr\u00e9atifs dans un environnement immersif multisensoriel, avec l\u2019activation des modalit\u00e9s sensorielles pertinentes aux diff\u00e9rentes \u00e9tapes du processus cr\u00e9atif.<\/p>\n<h3 class=\"p2\"><b>\u00c9tude de cas : des l\u00e9gumineuses savoureuses pour les jeunes<\/b><\/h3>\n<p class=\"p1\">Une \u00e9tude visant \u00e0 d\u00e9montrer l\u2019apport des sens dans un atelier de cr\u00e9ativit\u00e9 a fait l\u2019objet d\u2019une communication au dernier Congr\u00e8s sensoriel <a href=\"https:\/\/www.pangbornsymposium.com\/\"><span class=\"s2\">PANGBORN<\/span><\/a>, qui s\u2019est tenu \u00e0 Nantes cet \u00e9t\u00e9. Vous pouvez t\u00e9l\u00e9charger le poster pr\u00e9sent\u00e9 <a href=\"https:\/\/thelabinthebag.com\/fr\/wp-content\/uploads\/sites\/3\/2024\/01\/Poster-PANG2023-multi-sensory-creative-experience.pdf\">ici<\/a>.<span class=\"Apple-converted-space\">\u00a0<\/span><\/p>\n<p class=\"p1\">La consigne \u00e9tait de cr\u00e9er des recettes \u00e0 base de l\u00e9gumineuses qui soient irr\u00e9sistibles pour les jeunes fran\u00e7ais.<span class=\"Apple-converted-space\">\u00a0<\/span><\/p>\n<p class=\"p1\">Ces ateliers ont eu lieu en collaboration avec des \u00e9tudiants et des chefs de l\u2019Institut Lyfe.<span class=\"Apple-converted-space\">\u00a0<\/span><\/p>\n<p class=\"p1\">3 ateliers ont \u00e9t\u00e9 r\u00e9alis\u00e9s dans des conditions standard (<span class=\"s3\"><b>Figure 1<\/b><\/span>, et <span class=\"s3\"><b>Figure 3<\/b><\/span> ), sans que les fonctionnalit\u00e9s de la salle immersive soient utilis\u00e9es. 3 autres ateliers ont \u00e9t\u00e9 \u00ab\u00a0augment\u00e9s\u00a0\u00bb par des effets sonores et visuels en projection 360\u00b0 (<span class=\"s3\"><b>Figure 2<\/b><\/span> et <span class=\"s3\"><b>Figure 4<\/b><\/span>), choisis sur la base de publications scientifiques relatant leurs effets sur les processus cognitifs. <span class=\"Apple-converted-space\">\u00a0<\/span><\/p>\n<div id=\"attachment_1647\" style=\"width: 310px\" class=\"wp-caption alignnone\"><a href=\"https:\/\/thelabinthebag.com\/fr\/wp-content\/uploads\/sites\/3\/2024\/01\/salle-immersive-figure-1-standard-divergence.png\" data-rel=\"lightbox-image-0\" data-rl_title=\"\" data-rl_caption=\"\" title=\"\"><img loading=\"lazy\" decoding=\"async\" aria-describedby=\"caption-attachment-1647\" class=\"wp-image-1647 size-medium\" src=\"https:\/\/thelabinthebag.com\/fr\/wp-content\/uploads\/sites\/3\/2024\/01\/salle-immersive-figure-1-standard-divergence-300x127.png\" alt=\"Figure 1 Phase de divergence en atelier standard\" width=\"300\" height=\"127\" srcset=\"https:\/\/thelabinthebag.com\/fr\/wp-content\/uploads\/sites\/3\/2024\/01\/salle-immersive-figure-1-standard-divergence-300x127.png 300w, https:\/\/thelabinthebag.com\/fr\/wp-content\/uploads\/sites\/3\/2024\/01\/salle-immersive-figure-1-standard-divergence-768x326.png 768w, https:\/\/thelabinthebag.com\/fr\/wp-content\/uploads\/sites\/3\/2024\/01\/salle-immersive-figure-1-standard-divergence.png 861w\" sizes=\"auto, (max-width: 300px) 100vw, 300px\" \/><\/a><p id=\"caption-attachment-1647\" class=\"wp-caption-text\">Figure 1 Phase de divergence en atelier standard<\/p><\/div>\n<h4 class=\"p1\"><b>Des id\u00e9es amplifi\u00e9es par l\u2019immersion multisensorielle<\/b><\/h4>\n<p class=\"p1\">Les propositions de recettes finales ont \u00e9t\u00e9 \u00e9valu\u00e9es par des chefs, qui ont mis en \u00e9vidence la meilleure performance de l\u2019approche multisensorielle immersive, avec des id\u00e9es plus originales et plus d\u00e9taill\u00e9es, surpassant significativement celles g\u00e9n\u00e9r\u00e9es en environnement standard.<\/p>\n<div id=\"attachment_1648\" style=\"width: 310px\" class=\"wp-caption alignnone\"><a href=\"https:\/\/thelabinthebag.com\/fr\/wp-content\/uploads\/sites\/3\/2024\/01\/salle-immersive-figure-2-immersion-divergence.png\" data-rel=\"lightbox-image-1\" data-rl_title=\"\" data-rl_caption=\"\" title=\"\"><img loading=\"lazy\" decoding=\"async\" aria-describedby=\"caption-attachment-1648\" class=\"wp-image-1648 size-medium\" src=\"https:\/\/thelabinthebag.com\/fr\/wp-content\/uploads\/sites\/3\/2024\/01\/salle-immersive-figure-2-immersion-divergence-300x130.png\" alt=\"Figure 2 Phase de divergence en atelier immersif multisensoriel\" width=\"300\" height=\"130\" srcset=\"https:\/\/thelabinthebag.com\/fr\/wp-content\/uploads\/sites\/3\/2024\/01\/salle-immersive-figure-2-immersion-divergence-300x130.png 300w, https:\/\/thelabinthebag.com\/fr\/wp-content\/uploads\/sites\/3\/2024\/01\/salle-immersive-figure-2-immersion-divergence-768x332.png 768w, https:\/\/thelabinthebag.com\/fr\/wp-content\/uploads\/sites\/3\/2024\/01\/salle-immersive-figure-2-immersion-divergence.png 879w\" sizes=\"auto, (max-width: 300px) 100vw, 300px\" \/><\/a><p id=\"caption-attachment-1648\" class=\"wp-caption-text\">Figure 2 Phase de divergence en atelier immersif multisensoriel<\/p><\/div>\n<h4 class=\"p1\"><b>Des participants plus engag\u00e9s et plus cr\u00e9atifs<\/b><\/h4>\n<p class=\"p2\">L\u2019analyse des comportements des participants a notamment mis en \u00e9vidence une implication sup\u00e9rieure en situation d\u2019immersion\u00a0:<\/p>\n<div id=\"attachment_1649\" style=\"width: 310px\" class=\"wp-caption alignnone\"><a href=\"https:\/\/thelabinthebag.com\/fr\/wp-content\/uploads\/sites\/3\/2024\/01\/salle-immersive-figure-3-standard-convergence.png\" data-rel=\"lightbox-image-2\" data-rl_title=\"\" data-rl_caption=\"\" title=\"\"><img loading=\"lazy\" decoding=\"async\" aria-describedby=\"caption-attachment-1649\" class=\"wp-image-1649 size-medium\" src=\"https:\/\/thelabinthebag.com\/fr\/wp-content\/uploads\/sites\/3\/2024\/01\/salle-immersive-figure-3-standard-convergence-300x121.png\" alt=\"Figure 3 Phase de convergence en atelier standard\" width=\"300\" height=\"121\" srcset=\"https:\/\/thelabinthebag.com\/fr\/wp-content\/uploads\/sites\/3\/2024\/01\/salle-immersive-figure-3-standard-convergence-300x121.png 300w, https:\/\/thelabinthebag.com\/fr\/wp-content\/uploads\/sites\/3\/2024\/01\/salle-immersive-figure-3-standard-convergence.png 712w\" sizes=\"auto, (max-width: 300px) 100vw, 300px\" \/><\/a><p id=\"caption-attachment-1649\" class=\"wp-caption-text\">Figure 3 Phase de convergence en atelier standard<\/p><\/div>\n<p>En phase de divergence (<i>brainstorming<\/i>), les groupes immersifs (<span class=\"s1\"><b>Figure 2<\/b><\/span>) ont continu\u00e9 \u00e0 produire de nouvelles id\u00e9es sur l\u2019ensemble du temps imparti \u00e0 la t\u00e2che, tandis que les groupes standard (<span class=\"s1\"><b>Figure 1<\/b><\/span>) ont \u00e9puis\u00e9 toutes leurs id\u00e9es avant la fin de l\u2019exercice.<\/p>\n<p>En phase de convergence (en d\u2019autres termes la cr\u00e9ation d\u2019une nouvelle id\u00e9e \u00e0 partir de deux stimuli), les participants \u00e9taient davantage concentr\u00e9s (<span class=\"s1\"><b>Figure 4<\/b><\/span>) et ont moins eu tendance \u00e0 se laisser distraire ou \u00e0 digresser sur d\u2019autres sujets.<\/p>\n<div id=\"attachment_1650\" style=\"width: 310px\" class=\"wp-caption alignnone\"><a href=\"https:\/\/thelabinthebag.com\/fr\/wp-content\/uploads\/sites\/3\/2024\/01\/salle-immersive-figure-4-immersion-convergence.png\" data-rel=\"lightbox-image-3\" data-rl_title=\"\" data-rl_caption=\"\" title=\"\"><img loading=\"lazy\" decoding=\"async\" aria-describedby=\"caption-attachment-1650\" class=\"wp-image-1650 size-medium\" src=\"https:\/\/thelabinthebag.com\/fr\/wp-content\/uploads\/sites\/3\/2024\/01\/salle-immersive-figure-4-immersion-convergence-300x116.png\" alt=\"Figure 4 Phase de convergence en atelier immersif multisensoriel\" width=\"300\" height=\"116\" srcset=\"https:\/\/thelabinthebag.com\/fr\/wp-content\/uploads\/sites\/3\/2024\/01\/salle-immersive-figure-4-immersion-convergence-300x116.png 300w, https:\/\/thelabinthebag.com\/fr\/wp-content\/uploads\/sites\/3\/2024\/01\/salle-immersive-figure-4-immersion-convergence-768x297.png 768w, https:\/\/thelabinthebag.com\/fr\/wp-content\/uploads\/sites\/3\/2024\/01\/salle-immersive-figure-4-immersion-convergence.png 805w\" sizes=\"auto, (max-width: 300px) 100vw, 300px\" \/><\/a><p id=\"caption-attachment-1650\" class=\"wp-caption-text\">Figure 4 Phase de convergence en atelier immersif multisensoriel<\/p><\/div>\n<h3 class=\"p1\"><b>Conclusion\u00a0: un avenir cr\u00e9atif immersif et multisensoriel<\/b><\/h3>\n<p class=\"p1\">Les technologies immersives multisensorielles, combin\u00e9es \u00e0 l\u2019expertise des sp\u00e9cialistes de la cr\u00e9ativit\u00e9, ouvrent de nouvelles perspectives pour les d\u00e9marches d\u2019innovation.<span class=\"Apple-converted-space\">\u00a0<\/span><\/p>\n<h3 class=\"p1\"><b>Contactez les experts Rep\u00e8res, Institut Lyfe et \u00c9mulsion cr\u00e9ative pour en savoir plus et vous plonger dans la cr\u00e9ativit\u00e9 multisensorielle<\/b>\u00a0:<span class=\"Apple-converted-space\">\u00a0<\/span><\/h3>\n<ul class=\"ul1\">\n<li class=\"li1\">Adriana Gali\u00f1anes Plaza &#8211; Responsable de Recherche, Rep\u00e8res : <a href=\"mailto:a.galinanes@reperes.net\"><span class=\"s1\">a.galinanes@reperes.net<\/span><\/a><span class=\"Apple-converted-space\">\u00a0<\/span><\/li>\n<li class=\"li1\">Estelle Petit &#8211; Responsable Innovation, Centre de Recherche Institut Lyfe\u00a0: <a href=\"mailto:epetit@institutlyfe.com\"><span class=\"s1\">epetit@institutlyfe.com<\/span><\/a><\/li>\n<li class=\"li1\">V\u00e9ronique Bonnet &#8211; CEO \u00c9mulsion Cr\u00e9ative\u00a0: <a href=\"mailto:veronique.bonnet@emulsioncreative.fr\"><span class=\"s1\">veronique.bonnet@emulsioncreative.fr<\/span><\/a><\/li>\n<\/ul>\n<p><a href=\"https:\/\/thelabinthebag.com\/fr\/wp-content\/uploads\/sites\/3\/2019\/04\/Logo_Rep\u00e8res.jpg\" data-rel=\"lightbox-image-4\" data-rl_title=\"\" data-rl_caption=\"\" title=\"\"><img loading=\"lazy\" decoding=\"async\" class=\"alignnone wp-image-1326\" src=\"https:\/\/thelabinthebag.com\/fr\/wp-content\/uploads\/sites\/3\/2019\/04\/Logo_Rep\u00e8res.jpg\" alt=\"\" width=\"170\" height=\"69\" srcset=\"https:\/\/thelabinthebag.com\/fr\/wp-content\/uploads\/sites\/3\/2019\/04\/Logo_Rep\u00e8res.jpg 800w, https:\/\/thelabinthebag.com\/fr\/wp-content\/uploads\/sites\/3\/2019\/04\/Logo_Rep\u00e8res-300x122.jpg 300w, https:\/\/thelabinthebag.com\/fr\/wp-content\/uploads\/sites\/3\/2019\/04\/Logo_Rep\u00e8res-768x311.jpg 768w\" sizes=\"auto, (max-width: 170px) 100vw, 170px\" \/><\/a><img loading=\"lazy\" decoding=\"async\" class=\"alignnone wp-image-1653\" src=\"https:\/\/thelabinthebag.com\/fr\/wp-content\/uploads\/sites\/3\/2024\/01\/logo-EM.png\" alt=\"\" width=\"170\" height=\"102\" srcset=\"https:\/\/thelabinthebag.com\/fr\/wp-content\/uploads\/sites\/3\/2024\/01\/logo-EM.png 450w, https:\/\/thelabinthebag.com\/fr\/wp-content\/uploads\/sites\/3\/2024\/01\/logo-EM-300x180.png 300w\" sizes=\"auto, (max-width: 170px) 100vw, 170px\" \/><a href=\"https:\/\/thelabinthebag.com\/fr\/wp-content\/uploads\/sites\/3\/2024\/01\/logo-TLITB.png\" data-rel=\"lightbox-image-5\" data-rl_title=\"\" data-rl_caption=\"\" title=\"\"><img loading=\"lazy\" decoding=\"async\" class=\"alignnone wp-image-1654\" src=\"https:\/\/thelabinthebag.com\/fr\/wp-content\/uploads\/sites\/3\/2024\/01\/logo-TLITB.png\" alt=\"\" width=\"170\" height=\"102\" srcset=\"https:\/\/thelabinthebag.com\/fr\/wp-content\/uploads\/sites\/3\/2024\/01\/logo-TLITB.png 450w, https:\/\/thelabinthebag.com\/fr\/wp-content\/uploads\/sites\/3\/2024\/01\/logo-TLITB-300x180.png 300w\" sizes=\"auto, (max-width: 170px) 100vw, 170px\" \/><\/a><a href=\"https:\/\/thelabinthebag.com\/fr\/wp-content\/uploads\/sites\/3\/2024\/01\/logo-institut-lyfe.png\" data-rel=\"lightbox-image-6\" data-rl_title=\"\" data-rl_caption=\"\" title=\"\"><img loading=\"lazy\" decoding=\"async\" class=\"alignnone wp-image-1652\" src=\"https:\/\/thelabinthebag.com\/fr\/wp-content\/uploads\/sites\/3\/2024\/01\/logo-institut-lyfe-1024x420.png\" alt=\"\" width=\"170\" height=\"70\" srcset=\"https:\/\/thelabinthebag.com\/fr\/wp-content\/uploads\/sites\/3\/2024\/01\/logo-institut-lyfe-1024x420.png 1024w, https:\/\/thelabinthebag.com\/fr\/wp-content\/uploads\/sites\/3\/2024\/01\/logo-institut-lyfe-300x123.png 300w, https:\/\/thelabinthebag.com\/fr\/wp-content\/uploads\/sites\/3\/2024\/01\/logo-institut-lyfe-768x315.png 768w, https:\/\/thelabinthebag.com\/fr\/wp-content\/uploads\/sites\/3\/2024\/01\/logo-institut-lyfe-1536x629.png 1536w, https:\/\/thelabinthebag.com\/fr\/wp-content\/uploads\/sites\/3\/2024\/01\/logo-institut-lyfe-2048x839.png 2048w\" sizes=\"auto, (max-width: 170px) 100vw, 170px\" \/><\/a><\/p>\n<p class=\"p1\"><span class=\"s1\">&gt;font size=-3<sup>1<\/sup><\/span>Bourgeois-Bougrine, S., Bonnardel, N., Burkhardt, J. M., Thornhill-Miller, B., Pahlavan, F., Buisine, S., Guegan, J., Pichot, N., &amp; Lubart, T. (2022). Immersive Virtual Environments\u2019 Impact on Individual and Collective Creativity A Review of Recent Research. European Psychologist, 27(3), 237\u2013253. <a href=\"https:\/\/doi.org\/10.1027\/1016-9040\/a000481\">https:\/\/doi.org\/10.1027\/1016-9040\/a000481<\/a><\/p>\n<p class=\"p1\"><span class=\"s1\"><sup>2<\/sup><\/span>Wang, Q. J., Escobar, F. B., Mathiesen, S. L., &amp; Mota, P. A. Da. (2021). Can eating make us more creative? A multisensory perspective. Foods, 10(2), 1\u201317. <a href=\"https:\/\/doi.org\/10.3390\/foods10020469\">https:\/\/doi.org\/10.3390\/foods10020469<\/a><\/p>\n<p class=\"p1\"><span class=\"s1\"><sup>3<\/sup><\/span>Xia, T., Sun, Y., An, Y., &amp; Li, L. (2023). The influence of music environment on conceptual design creativity. Frontiers in Psychology, 14(February), 1\u20139. <a href=\"https:\/\/doi.org\/10.3389\/fpsyg.2023.1052257\"><span class=\"s2\">https:\/\/doi.org\/10.3389\/fpsyg.2023.1052257<\/span><\/a><\/p>\n","protected":false},"excerpt":{"rendered":"<p>Plongez dans l&rsquo;exp\u00e9rience cr\u00e9ative multisensorielle\u00a0pour un avenir prosp\u00e8re des entreprises ! Dans l&rsquo;effervescence du 21e si\u00e8cle, la cr\u00e9ativit\u00e9 appara\u00eet comme un levier essentiel et incontournable pour aider les entreprises \u00e0 naviguer \u00e0 travers des d\u00e9fis constants.\u00a0 La cr\u00e9ativit\u00e9 est souvent per\u00e7ue comme un processus purement cognitif, mais c\u2019est en r\u00e9alit\u00e9 un processus multimodal qui r\u00e9sulte [&hellip;]<\/p>\n","protected":false},"author":9,"featured_media":1648,"comment_status":"open","ping_status":"open","sticky":false,"template":"","format":"standard","meta":{"footnotes":""},"categories":[1],"tags":[],"class_list":["post-1646","post","type-post","status-publish","format-standard","has-post-thumbnail","hentry","category-actualites"],"yoast_head":"<!-- This site is optimized with the Yoast SEO plugin v27.4 - https:\/\/yoast.com\/product\/yoast-seo-wordpress\/ -->\n<title>L&#039;exp\u00e9rience cr\u00e9ative multisensorielle : \u00e9veillez-vos sens pour booster votre cr\u00e9ativit\u00e9<\/title>\n<meta name=\"description\" content=\"Plongez dans l&#039;exp\u00e9rience cr\u00e9ative multisensorielle\u00a0pour un avenir prosp\u00e8re des entreprises !\" \/>\n<meta name=\"robots\" content=\"index, follow, max-snippet:-1, max-image-preview:large, max-video-preview:-1\" \/>\n<link rel=\"canonical\" href=\"https:\/\/thelabinthebag.com\/fr\/experience-creative-multisensorielle\/\" \/>\n<meta name=\"twitter:label1\" content=\"\u00c9crit par\" \/>\n\t<meta name=\"twitter:data1\" content=\"manon\" \/>\n\t<meta name=\"twitter:label2\" content=\"Dur\u00e9e de lecture estim\u00e9e\" \/>\n\t<meta name=\"twitter:data2\" content=\"6 minutes\" \/>\n<script type=\"application\/ld+json\" class=\"yoast-schema-graph\">{\"@context\":\"https:\\\/\\\/schema.org\",\"@graph\":[{\"@type\":\"Article\",\"@id\":\"https:\\\/\\\/thelabinthebag.com\\\/fr\\\/experience-creative-multisensorielle\\\/#article\",\"isPartOf\":{\"@id\":\"https:\\\/\\\/thelabinthebag.com\\\/fr\\\/experience-creative-multisensorielle\\\/\"},\"author\":{\"name\":\"manon\",\"@id\":\"https:\\\/\\\/thelabinthebag.com\\\/fr\\\/#\\\/schema\\\/person\\\/bece562eab03b04af9fa208090beac28\"},\"headline\":\"L&rsquo;exp\u00e9rience cr\u00e9ative multisensorielle : les nouveaux ateliers cr\u00e9atifs co-cr\u00e9\u00e9s par Rep\u00e8res, Lyfe Institute, and Creative Emulsion.\",\"datePublished\":\"2024-01-30T16:00:38+00:00\",\"dateModified\":\"2024-02-01T09:11:32+00:00\",\"mainEntityOfPage\":{\"@id\":\"https:\\\/\\\/thelabinthebag.com\\\/fr\\\/experience-creative-multisensorielle\\\/\"},\"wordCount\":863,\"commentCount\":0,\"image\":{\"@id\":\"https:\\\/\\\/thelabinthebag.com\\\/fr\\\/experience-creative-multisensorielle\\\/#primaryimage\"},\"thumbnailUrl\":\"https:\\\/\\\/thelabinthebag.com\\\/fr\\\/wp-content\\\/uploads\\\/sites\\\/3\\\/2024\\\/01\\\/salle-immersive-figure-2-immersion-divergence.png\",\"articleSection\":[\"Actualit\u00e9s\"],\"inLanguage\":\"fr-FR\",\"potentialAction\":[{\"@type\":\"CommentAction\",\"name\":\"Comment\",\"target\":[\"https:\\\/\\\/thelabinthebag.com\\\/fr\\\/experience-creative-multisensorielle\\\/#respond\"]}]},{\"@type\":\"WebPage\",\"@id\":\"https:\\\/\\\/thelabinthebag.com\\\/fr\\\/experience-creative-multisensorielle\\\/\",\"url\":\"https:\\\/\\\/thelabinthebag.com\\\/fr\\\/experience-creative-multisensorielle\\\/\",\"name\":\"L'exp\u00e9rience cr\u00e9ative multisensorielle : \u00e9veillez-vos sens pour booster votre cr\u00e9ativit\u00e9\",\"isPartOf\":{\"@id\":\"https:\\\/\\\/thelabinthebag.com\\\/fr\\\/#website\"},\"primaryImageOfPage\":{\"@id\":\"https:\\\/\\\/thelabinthebag.com\\\/fr\\\/experience-creative-multisensorielle\\\/#primaryimage\"},\"image\":{\"@id\":\"https:\\\/\\\/thelabinthebag.com\\\/fr\\\/experience-creative-multisensorielle\\\/#primaryimage\"},\"thumbnailUrl\":\"https:\\\/\\\/thelabinthebag.com\\\/fr\\\/wp-content\\\/uploads\\\/sites\\\/3\\\/2024\\\/01\\\/salle-immersive-figure-2-immersion-divergence.png\",\"datePublished\":\"2024-01-30T16:00:38+00:00\",\"dateModified\":\"2024-02-01T09:11:32+00:00\",\"author\":{\"@id\":\"https:\\\/\\\/thelabinthebag.com\\\/fr\\\/#\\\/schema\\\/person\\\/bece562eab03b04af9fa208090beac28\"},\"description\":\"Plongez dans l'exp\u00e9rience cr\u00e9ative multisensorielle\u00a0pour un avenir prosp\u00e8re des entreprises !\",\"breadcrumb\":{\"@id\":\"https:\\\/\\\/thelabinthebag.com\\\/fr\\\/experience-creative-multisensorielle\\\/#breadcrumb\"},\"inLanguage\":\"fr-FR\",\"potentialAction\":[{\"@type\":\"ReadAction\",\"target\":[\"https:\\\/\\\/thelabinthebag.com\\\/fr\\\/experience-creative-multisensorielle\\\/\"]}]},{\"@type\":\"ImageObject\",\"inLanguage\":\"fr-FR\",\"@id\":\"https:\\\/\\\/thelabinthebag.com\\\/fr\\\/experience-creative-multisensorielle\\\/#primaryimage\",\"url\":\"https:\\\/\\\/thelabinthebag.com\\\/fr\\\/wp-content\\\/uploads\\\/sites\\\/3\\\/2024\\\/01\\\/salle-immersive-figure-2-immersion-divergence.png\",\"contentUrl\":\"https:\\\/\\\/thelabinthebag.com\\\/fr\\\/wp-content\\\/uploads\\\/sites\\\/3\\\/2024\\\/01\\\/salle-immersive-figure-2-immersion-divergence.png\",\"width\":879,\"height\":380},{\"@type\":\"BreadcrumbList\",\"@id\":\"https:\\\/\\\/thelabinthebag.com\\\/fr\\\/experience-creative-multisensorielle\\\/#breadcrumb\",\"itemListElement\":[{\"@type\":\"ListItem\",\"position\":1,\"name\":\"Home\",\"item\":\"https:\\\/\\\/thelabinthebag.com\\\/fr\\\/\"},{\"@type\":\"ListItem\",\"position\":2,\"name\":\"L&rsquo;exp\u00e9rience cr\u00e9ative multisensorielle : les nouveaux ateliers cr\u00e9atifs co-cr\u00e9\u00e9s par Rep\u00e8res, Lyfe Institute, and Creative Emulsion.\"}]},{\"@type\":\"WebSite\",\"@id\":\"https:\\\/\\\/thelabinthebag.com\\\/fr\\\/#website\",\"url\":\"https:\\\/\\\/thelabinthebag.com\\\/fr\\\/\",\"name\":\"THE LAB in The Bag FR\",\"description\":\"\",\"potentialAction\":[{\"@type\":\"SearchAction\",\"target\":{\"@type\":\"EntryPoint\",\"urlTemplate\":\"https:\\\/\\\/thelabinthebag.com\\\/fr\\\/?s={search_term_string}\"},\"query-input\":{\"@type\":\"PropertyValueSpecification\",\"valueRequired\":true,\"valueName\":\"search_term_string\"}}],\"inLanguage\":\"fr-FR\"},{\"@type\":\"Person\",\"@id\":\"https:\\\/\\\/thelabinthebag.com\\\/fr\\\/#\\\/schema\\\/person\\\/bece562eab03b04af9fa208090beac28\",\"name\":\"manon\",\"image\":{\"@type\":\"ImageObject\",\"inLanguage\":\"fr-FR\",\"@id\":\"https:\\\/\\\/secure.gravatar.com\\\/avatar\\\/ce80609730a7c82175be5c2f94150161b5ae3f44e637b25d61b3dd993ff9c9b9?s=96&d=mm&r=g\",\"url\":\"https:\\\/\\\/secure.gravatar.com\\\/avatar\\\/ce80609730a7c82175be5c2f94150161b5ae3f44e637b25d61b3dd993ff9c9b9?s=96&d=mm&r=g\",\"contentUrl\":\"https:\\\/\\\/secure.gravatar.com\\\/avatar\\\/ce80609730a7c82175be5c2f94150161b5ae3f44e637b25d61b3dd993ff9c9b9?s=96&d=mm&r=g\",\"caption\":\"manon\"},\"url\":\"https:\\\/\\\/thelabinthebag.com\\\/fr\\\/author\\\/manon\\\/\"}]}<\/script>\n<!-- \/ Yoast SEO plugin. -->","yoast_head_json":{"title":"L'exp\u00e9rience cr\u00e9ative multisensorielle : \u00e9veillez-vos sens pour booster votre cr\u00e9ativit\u00e9","description":"Plongez dans l'exp\u00e9rience cr\u00e9ative multisensorielle\u00a0pour un avenir prosp\u00e8re des entreprises !","robots":{"index":"index","follow":"follow","max-snippet":"max-snippet:-1","max-image-preview":"max-image-preview:large","max-video-preview":"max-video-preview:-1"},"canonical":"https:\/\/thelabinthebag.com\/fr\/experience-creative-multisensorielle\/","twitter_misc":{"\u00c9crit par":"manon","Dur\u00e9e de lecture estim\u00e9e":"6 minutes"},"schema":{"@context":"https:\/\/schema.org","@graph":[{"@type":"Article","@id":"https:\/\/thelabinthebag.com\/fr\/experience-creative-multisensorielle\/#article","isPartOf":{"@id":"https:\/\/thelabinthebag.com\/fr\/experience-creative-multisensorielle\/"},"author":{"name":"manon","@id":"https:\/\/thelabinthebag.com\/fr\/#\/schema\/person\/bece562eab03b04af9fa208090beac28"},"headline":"L&rsquo;exp\u00e9rience cr\u00e9ative multisensorielle : les nouveaux ateliers cr\u00e9atifs co-cr\u00e9\u00e9s par Rep\u00e8res, Lyfe Institute, and Creative Emulsion.","datePublished":"2024-01-30T16:00:38+00:00","dateModified":"2024-02-01T09:11:32+00:00","mainEntityOfPage":{"@id":"https:\/\/thelabinthebag.com\/fr\/experience-creative-multisensorielle\/"},"wordCount":863,"commentCount":0,"image":{"@id":"https:\/\/thelabinthebag.com\/fr\/experience-creative-multisensorielle\/#primaryimage"},"thumbnailUrl":"https:\/\/thelabinthebag.com\/fr\/wp-content\/uploads\/sites\/3\/2024\/01\/salle-immersive-figure-2-immersion-divergence.png","articleSection":["Actualit\u00e9s"],"inLanguage":"fr-FR","potentialAction":[{"@type":"CommentAction","name":"Comment","target":["https:\/\/thelabinthebag.com\/fr\/experience-creative-multisensorielle\/#respond"]}]},{"@type":"WebPage","@id":"https:\/\/thelabinthebag.com\/fr\/experience-creative-multisensorielle\/","url":"https:\/\/thelabinthebag.com\/fr\/experience-creative-multisensorielle\/","name":"L'exp\u00e9rience cr\u00e9ative multisensorielle : \u00e9veillez-vos sens pour booster votre cr\u00e9ativit\u00e9","isPartOf":{"@id":"https:\/\/thelabinthebag.com\/fr\/#website"},"primaryImageOfPage":{"@id":"https:\/\/thelabinthebag.com\/fr\/experience-creative-multisensorielle\/#primaryimage"},"image":{"@id":"https:\/\/thelabinthebag.com\/fr\/experience-creative-multisensorielle\/#primaryimage"},"thumbnailUrl":"https:\/\/thelabinthebag.com\/fr\/wp-content\/uploads\/sites\/3\/2024\/01\/salle-immersive-figure-2-immersion-divergence.png","datePublished":"2024-01-30T16:00:38+00:00","dateModified":"2024-02-01T09:11:32+00:00","author":{"@id":"https:\/\/thelabinthebag.com\/fr\/#\/schema\/person\/bece562eab03b04af9fa208090beac28"},"description":"Plongez dans l'exp\u00e9rience cr\u00e9ative multisensorielle\u00a0pour un avenir prosp\u00e8re des entreprises !","breadcrumb":{"@id":"https:\/\/thelabinthebag.com\/fr\/experience-creative-multisensorielle\/#breadcrumb"},"inLanguage":"fr-FR","potentialAction":[{"@type":"ReadAction","target":["https:\/\/thelabinthebag.com\/fr\/experience-creative-multisensorielle\/"]}]},{"@type":"ImageObject","inLanguage":"fr-FR","@id":"https:\/\/thelabinthebag.com\/fr\/experience-creative-multisensorielle\/#primaryimage","url":"https:\/\/thelabinthebag.com\/fr\/wp-content\/uploads\/sites\/3\/2024\/01\/salle-immersive-figure-2-immersion-divergence.png","contentUrl":"https:\/\/thelabinthebag.com\/fr\/wp-content\/uploads\/sites\/3\/2024\/01\/salle-immersive-figure-2-immersion-divergence.png","width":879,"height":380},{"@type":"BreadcrumbList","@id":"https:\/\/thelabinthebag.com\/fr\/experience-creative-multisensorielle\/#breadcrumb","itemListElement":[{"@type":"ListItem","position":1,"name":"Home","item":"https:\/\/thelabinthebag.com\/fr\/"},{"@type":"ListItem","position":2,"name":"L&rsquo;exp\u00e9rience cr\u00e9ative multisensorielle : les nouveaux ateliers cr\u00e9atifs co-cr\u00e9\u00e9s par Rep\u00e8res, Lyfe Institute, and Creative Emulsion."}]},{"@type":"WebSite","@id":"https:\/\/thelabinthebag.com\/fr\/#website","url":"https:\/\/thelabinthebag.com\/fr\/","name":"THE LAB in The Bag FR","description":"","potentialAction":[{"@type":"SearchAction","target":{"@type":"EntryPoint","urlTemplate":"https:\/\/thelabinthebag.com\/fr\/?s={search_term_string}"},"query-input":{"@type":"PropertyValueSpecification","valueRequired":true,"valueName":"search_term_string"}}],"inLanguage":"fr-FR"},{"@type":"Person","@id":"https:\/\/thelabinthebag.com\/fr\/#\/schema\/person\/bece562eab03b04af9fa208090beac28","name":"manon","image":{"@type":"ImageObject","inLanguage":"fr-FR","@id":"https:\/\/secure.gravatar.com\/avatar\/ce80609730a7c82175be5c2f94150161b5ae3f44e637b25d61b3dd993ff9c9b9?s=96&d=mm&r=g","url":"https:\/\/secure.gravatar.com\/avatar\/ce80609730a7c82175be5c2f94150161b5ae3f44e637b25d61b3dd993ff9c9b9?s=96&d=mm&r=g","contentUrl":"https:\/\/secure.gravatar.com\/avatar\/ce80609730a7c82175be5c2f94150161b5ae3f44e637b25d61b3dd993ff9c9b9?s=96&d=mm&r=g","caption":"manon"},"url":"https:\/\/thelabinthebag.com\/fr\/author\/manon\/"}]}},"_links":{"self":[{"href":"https:\/\/thelabinthebag.com\/fr\/wp-json\/wp\/v2\/posts\/1646","targetHints":{"allow":["GET"]}}],"collection":[{"href":"https:\/\/thelabinthebag.com\/fr\/wp-json\/wp\/v2\/posts"}],"about":[{"href":"https:\/\/thelabinthebag.com\/fr\/wp-json\/wp\/v2\/types\/post"}],"author":[{"embeddable":true,"href":"https:\/\/thelabinthebag.com\/fr\/wp-json\/wp\/v2\/users\/9"}],"replies":[{"embeddable":true,"href":"https:\/\/thelabinthebag.com\/fr\/wp-json\/wp\/v2\/comments?post=1646"}],"version-history":[{"count":0,"href":"https:\/\/thelabinthebag.com\/fr\/wp-json\/wp\/v2\/posts\/1646\/revisions"}],"wp:featuredmedia":[{"embeddable":true,"href":"https:\/\/thelabinthebag.com\/fr\/wp-json\/wp\/v2\/media\/1648"}],"wp:attachment":[{"href":"https:\/\/thelabinthebag.com\/fr\/wp-json\/wp\/v2\/media?parent=1646"}],"wp:term":[{"taxonomy":"category","embeddable":true,"href":"https:\/\/thelabinthebag.com\/fr\/wp-json\/wp\/v2\/categories?post=1646"},{"taxonomy":"post_tag","embeddable":true,"href":"https:\/\/thelabinthebag.com\/fr\/wp-json\/wp\/v2\/tags?post=1646"}],"curies":[{"name":"wp","href":"https:\/\/api.w.org\/{rel}","templated":true}]}}