{"id":1668,"date":"2024-04-19T15:36:02","date_gmt":"2024-04-19T14:36:02","guid":{"rendered":"https:\/\/thelabinthebag.com\/fr\/?p=1668"},"modified":"2024-09-25T14:10:41","modified_gmt":"2024-09-25T13:10:41","slug":"replays-webinaires-immersion-sensorialite-creativite","status":"publish","type":"post","link":"https:\/\/thelabinthebag.com\/fr\/replays-webinaires-immersion-sensorialite-creativite\/","title":{"rendered":"Replays Webinaires : \u00ab\u00a0Immersion, Sensorialit\u00e9 &amp; Cr\u00e9ativit\u00e9\u00a0\u00bb"},"content":{"rendered":"<h2><a href=\"https:\/\/thelabinthebag.com\/fr\/wp-content\/uploads\/sites\/3\/2024\/04\/replays-webinaires-immersion-sensorialite-creativite.jpg\" data-rel=\"lightbox-image-0\" data-rl_title=\"\" data-rl_caption=\"\" title=\"\"><img loading=\"lazy\" decoding=\"async\" class=\"alignnone size-large wp-image-1669\" src=\"https:\/\/thelabinthebag.com\/fr\/wp-content\/uploads\/sites\/3\/2024\/04\/replays-webinaires-immersion-sensorialite-creativite-1024x768.jpg\" alt=\"\" width=\"1024\" height=\"768\" srcset=\"https:\/\/thelabinthebag.com\/fr\/wp-content\/uploads\/sites\/3\/2024\/04\/replays-webinaires-immersion-sensorialite-creativite-1024x768.jpg 1024w, https:\/\/thelabinthebag.com\/fr\/wp-content\/uploads\/sites\/3\/2024\/04\/replays-webinaires-immersion-sensorialite-creativite-300x225.jpg 300w, https:\/\/thelabinthebag.com\/fr\/wp-content\/uploads\/sites\/3\/2024\/04\/replays-webinaires-immersion-sensorialite-creativite-768x576.jpg 768w, https:\/\/thelabinthebag.com\/fr\/wp-content\/uploads\/sites\/3\/2024\/04\/replays-webinaires-immersion-sensorialite-creativite-1536x1152.jpg 1536w, https:\/\/thelabinthebag.com\/fr\/wp-content\/uploads\/sites\/3\/2024\/04\/replays-webinaires-immersion-sensorialite-creativite.jpg 1600w\" sizes=\"auto, (max-width: 1024px) 100vw, 1024px\" \/><\/a><\/h2>\n<h2>Entrez dans le futur des \u00e9tudes marketing avec les salles immersives multi-sensorielles !<\/h2>\n<p id=\"ember552\" class=\"ember-view reader-content-blocks__paragraph\"><strong>D\u00e9couvrez en exclusivit\u00e9 les replays de la s\u00e9rie de webinaires co-organis\u00e9e par <\/strong><a class=\"app-aware-link \" href=\"https:\/\/reperes.eu\/\" data-test-app-aware-link=\"\">Rep\u00e8res<\/a>, <a class=\"app-aware-link \" href=\"https:\/\/www.emulsioncreative.com\/\" data-test-app-aware-link=\"\">\u00c9mulsion Cr\u00e9ative <\/a>, <a class=\"app-aware-link \" href=\"https:\/\/thelabinthebag.com\/\" data-test-app-aware-link=\"\">The Lab in the Bag<\/a> &amp; <a class=\"app-aware-link \" href=\"http:\/\/recherche.institutpaulbocuse.com\/institut-lyfe-4608.kjsp?RH=RECH-EN\" data-test-app-aware-link=\"\">Institut Lyfe Research and Innovation Center<\/a>.<\/p>\n<p id=\"ember553\" class=\"ember-view reader-content-blocks__paragraph\">Trois sessions de 30 minutes, destin\u00e9es aux professionnels du marketing, de l&rsquo;innovation et de la recherche pour <strong>explorer le futur des salles immersives multi-sensorielles !<\/strong><\/p>\n<h2 id=\"ember554\" class=\"ember-view\">D\u00e9couvrez les replays de la s\u00e9rie de Webinaires : \u00ab\u00a0Immersion, Sensorialit\u00e9 &amp; Cr\u00e9ativit\u00e9\u00a0\u00bb<\/h2>\n<h3><strong>LE FUTUR DES \u00c9TUDES CONSOMMATEURS<\/strong><\/h3>\n<p id=\"ember556\" class=\"ember-view reader-content-blocks__paragraph\">Pr\u00e9sentation des derni\u00e8res avanc\u00e9es de la recherche en mati\u00e8re de salles immersives multi-sensorielles et exposition d&rsquo;un cas d&rsquo;\u00e9tude concret pour illustrer les avantages de cette approche novatrice.<\/p>\n<p id=\"ember557\" class=\"ember-view reader-content-blocks__paragraph\">Anim\u00e9 par les experts <a class=\"app-aware-link \" href=\"https:\/\/www.linkedin.com\/in\/prossi42\/\" target=\"_self\" rel=\"noopener\" data-test-app-aware-link=\"\">Pierre ROSSI<\/a> (Head of Multi-Sensory\u00a0Immersive Solutions &#8211; The Lab in the Bag) et <a class=\"app-aware-link \" href=\"https:\/\/www.linkedin.com\/in\/jeremy-vieira\/\" target=\"_self\" rel=\"noopener\" data-test-app-aware-link=\"\">J\u00e9r\u00e9my VIEIRA<\/a> (UX Project leader \u2013 Consumer\u00a0studies\u00a0&#8211; Institut Lyfe Research and Innovation Center.<\/p>\n<p id=\"ember558\" class=\"ember-view reader-content-blocks__paragraph\"><strong>\u2192 <a class=\"app-aware-link \" href=\"https:\/\/francoisabiven735.clickmeeting.com\/webinar-recording\/HdFBca2dd\" target=\"_self\" rel=\"noopener\" data-test-app-aware-link=\"\">Acc\u00e9der au replay<\/a><\/strong><\/p>\n<h3><strong>ATELIERS DE CR\u00c9ATIVIT\u00c9 IMMERSIFS MULTI-SENSORIELS OU ATELIERS STANDARDS?\u00a0<\/strong><\/h3>\n<p id=\"ember560\" class=\"ember-view reader-content-blocks__paragraph\">Pr\u00e9sentation, au travers d&rsquo;un\u00a0cas r\u00e9el,\u00a0de comment\u00a0l&rsquo;immersion multi-sensorielle conduit \u00e0 une augmentation du nombre et de la qualit\u00e9 des id\u00e9es\u00a0et \u00e0 une am\u00e9lioration de l&rsquo;engagement et de la cr\u00e9ativit\u00e9 des participants par rapport aux m\u00e9thodes standard.<\/p>\n<p id=\"ember561\" class=\"ember-view reader-content-blocks__paragraph\">Anim\u00e9 par les expertes <a class=\"app-aware-link \" href=\"https:\/\/www.linkedin.com\/in\/adrianagalinanesplaza\/\" target=\"_self\" rel=\"noopener\" data-test-app-aware-link=\"\">Adriana Gali\u00f1anes Plaza<\/a> (Directrice de recherche chez Rep\u00e8res) et <a class=\"app-aware-link \" href=\"https:\/\/www.linkedin.com\/in\/managementthroughcreativity\/\" target=\"_self\" rel=\"noopener\" data-test-app-aware-link=\"\">Veronique BONNET<\/a> (CEO d\u2019\u00c9mulsion Cr\u00e9ative).<\/p>\n<p id=\"ember562\" class=\"ember-view reader-content-blocks__paragraph\"><strong>\u2192 <a class=\"app-aware-link \" href=\"https:\/\/francoisabiven735.clickmeeting.com\/webinar-recording\/eFzA810c6\" target=\"_self\" rel=\"noopener\" data-test-app-aware-link=\"\">Acc\u00e9der au replay<\/a><\/strong><\/p>\n<h3><strong>BOOSTEZ LA CR\u00c9ATIVIT\u00c9 ORGANISATIONNELLE !<\/strong><\/h3>\n<p id=\"ember564\" class=\"ember-view reader-content-blocks__paragraph\">Un webinaire inspirant pour lib\u00e9rer tout le potentiel cr\u00e9atif de vos \u00e9quipes, en exploitant \u00e0 la fois les ressources cognitives des individus et des outils mat\u00e9riels innovants, comme les salles immersives multi-sensorielles d\u00e9velopp\u00e9es par The Lab in the Bag !<\/p>\n<p id=\"ember565\" class=\"ember-view reader-content-blocks__paragraph\">Anim\u00e9 par <a class=\"app-aware-link \" href=\"https:\/\/www.linkedin.com\/in\/innovationandmanagement\/\" target=\"_self\" rel=\"noopener\" data-test-app-aware-link=\"\">Guy Parmentier<\/a>, professeur et chercheur renomm\u00e9, au travers de son sujet de th\u00e8se autour de la multi-sensorialit\u00e9 et de la cr\u00e9ativit\u00e9, pouvant faire l&rsquo;objet d&rsquo;une convention CIFRE *.<\/p>\n<p id=\"ember566\" class=\"ember-view reader-content-blocks__paragraph\">*La convention industrielle de formation par la recherche permet aux entreprises de b\u00e9n\u00e9ficier d&rsquo;une aide financi\u00e8re pour recruter\u00a0de jeunes doctorants dont les projets de recherche, men\u00e9s en liaison avec un laboratoire ext\u00e9rieur, conduiront \u00e0 la soutenance d&rsquo;une th\u00e8se.<\/p>\n<p id=\"ember567\" class=\"ember-view reader-content-blocks__paragraph\"><strong>\u2192 <a class=\"app-aware-link \" href=\"https:\/\/francoisabiven735.clickmeeting.com\/webinar-recording\/Hozte8fb1\" target=\"_self\" rel=\"noopener\" data-test-app-aware-link=\"\">Acc\u00e9der au replay<\/a><\/strong><\/p>\n<p id=\"ember569\" class=\"ember-view reader-content-blocks__paragraph\"><strong>Vous souhaitez saisir l&rsquo;opportunit\u00e9 de contribuer \u00e0 l&rsquo;\u00e9volution de votre entreprise en optimisant la cr\u00e9ativit\u00e9 de vos \u00e9quipes et\/ou de vos groupes d&rsquo;\u00e9tudes ? <a class=\"app-aware-link \" href=\"https:\/\/thelabinthebag.com\/fr\/contact\/\" target=\"_self\" rel=\"noopener\" data-test-app-aware-link=\"\">Contactez nos experts !<\/a><\/strong><\/p>\n","protected":false},"excerpt":{"rendered":"<p>Entrez dans le futur des \u00e9tudes marketing avec les salles immersives multi-sensorielles ! D\u00e9couvrez en exclusivit\u00e9 les replays de la s\u00e9rie de webinaires co-organis\u00e9e par Rep\u00e8res, \u00c9mulsion Cr\u00e9ative , The Lab in the Bag &amp; Institut Lyfe Research and Innovation Center. Trois sessions de 30 minutes, destin\u00e9es aux professionnels du marketing, de l&rsquo;innovation et de [&hellip;]<\/p>\n","protected":false},"author":9,"featured_media":1669,"comment_status":"open","ping_status":"open","sticky":false,"template":"","format":"standard","meta":{"footnotes":""},"categories":[1],"tags":[],"class_list":["post-1668","post","type-post","status-publish","format-standard","has-post-thumbnail","hentry","category-actualites"],"yoast_head":"<!-- This site is optimized with the Yoast SEO plugin v27.4 - https:\/\/yoast.com\/product\/yoast-seo-wordpress\/ -->\n<title>Replays Webinaires : &quot;Immersion, Sensorialit\u00e9 &amp; Cr\u00e9ativit\u00e9&quot; - THE LAB in The Bag FR<\/title>\n<meta name=\"description\" content=\"Explorez le futur des \u00e9tudes marketing en boostant la cr\u00e9ativit\u00e9 avec les salles immersives multi-sensorielles !\" \/>\n<meta name=\"robots\" content=\"index, follow, max-snippet:-1, max-image-preview:large, max-video-preview:-1\" \/>\n<link rel=\"canonical\" href=\"https:\/\/thelabinthebag.com\/fr\/replays-webinaires-immersion-sensorialite-creativite\/\" \/>\n<meta name=\"twitter:label1\" content=\"\u00c9crit par\" \/>\n\t<meta name=\"twitter:data1\" content=\"manon\" \/>\n\t<meta name=\"twitter:label2\" content=\"Dur\u00e9e de lecture estim\u00e9e\" \/>\n\t<meta name=\"twitter:data2\" content=\"3 minutes\" \/>\n<script type=\"application\/ld+json\" class=\"yoast-schema-graph\">{\"@context\":\"https:\\\/\\\/schema.org\",\"@graph\":[{\"@type\":\"Article\",\"@id\":\"https:\\\/\\\/thelabinthebag.com\\\/fr\\\/replays-webinaires-immersion-sensorialite-creativite\\\/#article\",\"isPartOf\":{\"@id\":\"https:\\\/\\\/thelabinthebag.com\\\/fr\\\/replays-webinaires-immersion-sensorialite-creativite\\\/\"},\"author\":{\"name\":\"manon\",\"@id\":\"https:\\\/\\\/thelabinthebag.com\\\/fr\\\/#\\\/schema\\\/person\\\/bece562eab03b04af9fa208090beac28\"},\"headline\":\"Replays Webinaires : \u00ab\u00a0Immersion, Sensorialit\u00e9 &amp; Cr\u00e9ativit\u00e9\u00a0\u00bb\",\"datePublished\":\"2024-04-19T14:36:02+00:00\",\"dateModified\":\"2024-09-25T13:10:41+00:00\",\"mainEntityOfPage\":{\"@id\":\"https:\\\/\\\/thelabinthebag.com\\\/fr\\\/replays-webinaires-immersion-sensorialite-creativite\\\/\"},\"wordCount\":399,\"commentCount\":0,\"image\":{\"@id\":\"https:\\\/\\\/thelabinthebag.com\\\/fr\\\/replays-webinaires-immersion-sensorialite-creativite\\\/#primaryimage\"},\"thumbnailUrl\":\"https:\\\/\\\/thelabinthebag.com\\\/fr\\\/wp-content\\\/uploads\\\/sites\\\/3\\\/2024\\\/04\\\/replays-webinaires-immersion-sensorialite-creativite.jpg\",\"articleSection\":[\"Actualit\u00e9s\"],\"inLanguage\":\"fr-FR\",\"potentialAction\":[{\"@type\":\"CommentAction\",\"name\":\"Comment\",\"target\":[\"https:\\\/\\\/thelabinthebag.com\\\/fr\\\/replays-webinaires-immersion-sensorialite-creativite\\\/#respond\"]}]},{\"@type\":\"WebPage\",\"@id\":\"https:\\\/\\\/thelabinthebag.com\\\/fr\\\/replays-webinaires-immersion-sensorialite-creativite\\\/\",\"url\":\"https:\\\/\\\/thelabinthebag.com\\\/fr\\\/replays-webinaires-immersion-sensorialite-creativite\\\/\",\"name\":\"Replays Webinaires : \\\"Immersion, Sensorialit\u00e9 &amp; Cr\u00e9ativit\u00e9\\\" - THE LAB in The Bag FR\",\"isPartOf\":{\"@id\":\"https:\\\/\\\/thelabinthebag.com\\\/fr\\\/#website\"},\"primaryImageOfPage\":{\"@id\":\"https:\\\/\\\/thelabinthebag.com\\\/fr\\\/replays-webinaires-immersion-sensorialite-creativite\\\/#primaryimage\"},\"image\":{\"@id\":\"https:\\\/\\\/thelabinthebag.com\\\/fr\\\/replays-webinaires-immersion-sensorialite-creativite\\\/#primaryimage\"},\"thumbnailUrl\":\"https:\\\/\\\/thelabinthebag.com\\\/fr\\\/wp-content\\\/uploads\\\/sites\\\/3\\\/2024\\\/04\\\/replays-webinaires-immersion-sensorialite-creativite.jpg\",\"datePublished\":\"2024-04-19T14:36:02+00:00\",\"dateModified\":\"2024-09-25T13:10:41+00:00\",\"author\":{\"@id\":\"https:\\\/\\\/thelabinthebag.com\\\/fr\\\/#\\\/schema\\\/person\\\/bece562eab03b04af9fa208090beac28\"},\"description\":\"Explorez le futur des \u00e9tudes marketing en boostant la cr\u00e9ativit\u00e9 avec les salles immersives multi-sensorielles !\",\"breadcrumb\":{\"@id\":\"https:\\\/\\\/thelabinthebag.com\\\/fr\\\/replays-webinaires-immersion-sensorialite-creativite\\\/#breadcrumb\"},\"inLanguage\":\"fr-FR\",\"potentialAction\":[{\"@type\":\"ReadAction\",\"target\":[\"https:\\\/\\\/thelabinthebag.com\\\/fr\\\/replays-webinaires-immersion-sensorialite-creativite\\\/\"]}]},{\"@type\":\"ImageObject\",\"inLanguage\":\"fr-FR\",\"@id\":\"https:\\\/\\\/thelabinthebag.com\\\/fr\\\/replays-webinaires-immersion-sensorialite-creativite\\\/#primaryimage\",\"url\":\"https:\\\/\\\/thelabinthebag.com\\\/fr\\\/wp-content\\\/uploads\\\/sites\\\/3\\\/2024\\\/04\\\/replays-webinaires-immersion-sensorialite-creativite.jpg\",\"contentUrl\":\"https:\\\/\\\/thelabinthebag.com\\\/fr\\\/wp-content\\\/uploads\\\/sites\\\/3\\\/2024\\\/04\\\/replays-webinaires-immersion-sensorialite-creativite.jpg\",\"width\":1600,\"height\":1200},{\"@type\":\"BreadcrumbList\",\"@id\":\"https:\\\/\\\/thelabinthebag.com\\\/fr\\\/replays-webinaires-immersion-sensorialite-creativite\\\/#breadcrumb\",\"itemListElement\":[{\"@type\":\"ListItem\",\"position\":1,\"name\":\"Home\",\"item\":\"https:\\\/\\\/thelabinthebag.com\\\/fr\\\/\"},{\"@type\":\"ListItem\",\"position\":2,\"name\":\"Replays Webinaires : \u00ab\u00a0Immersion, Sensorialit\u00e9 &amp; Cr\u00e9ativit\u00e9\u00a0\u00bb\"}]},{\"@type\":\"WebSite\",\"@id\":\"https:\\\/\\\/thelabinthebag.com\\\/fr\\\/#website\",\"url\":\"https:\\\/\\\/thelabinthebag.com\\\/fr\\\/\",\"name\":\"THE LAB in The Bag FR\",\"description\":\"\",\"potentialAction\":[{\"@type\":\"SearchAction\",\"target\":{\"@type\":\"EntryPoint\",\"urlTemplate\":\"https:\\\/\\\/thelabinthebag.com\\\/fr\\\/?s={search_term_string}\"},\"query-input\":{\"@type\":\"PropertyValueSpecification\",\"valueRequired\":true,\"valueName\":\"search_term_string\"}}],\"inLanguage\":\"fr-FR\"},{\"@type\":\"Person\",\"@id\":\"https:\\\/\\\/thelabinthebag.com\\\/fr\\\/#\\\/schema\\\/person\\\/bece562eab03b04af9fa208090beac28\",\"name\":\"manon\",\"image\":{\"@type\":\"ImageObject\",\"inLanguage\":\"fr-FR\",\"@id\":\"https:\\\/\\\/secure.gravatar.com\\\/avatar\\\/ce80609730a7c82175be5c2f94150161b5ae3f44e637b25d61b3dd993ff9c9b9?s=96&d=mm&r=g\",\"url\":\"https:\\\/\\\/secure.gravatar.com\\\/avatar\\\/ce80609730a7c82175be5c2f94150161b5ae3f44e637b25d61b3dd993ff9c9b9?s=96&d=mm&r=g\",\"contentUrl\":\"https:\\\/\\\/secure.gravatar.com\\\/avatar\\\/ce80609730a7c82175be5c2f94150161b5ae3f44e637b25d61b3dd993ff9c9b9?s=96&d=mm&r=g\",\"caption\":\"manon\"},\"url\":\"https:\\\/\\\/thelabinthebag.com\\\/fr\\\/author\\\/manon\\\/\"}]}<\/script>\n<!-- \/ Yoast SEO plugin. -->","yoast_head_json":{"title":"Replays Webinaires : \"Immersion, Sensorialit\u00e9 &amp; Cr\u00e9ativit\u00e9\" - THE LAB in The Bag FR","description":"Explorez le futur des \u00e9tudes marketing en boostant la cr\u00e9ativit\u00e9 avec les salles immersives multi-sensorielles !","robots":{"index":"index","follow":"follow","max-snippet":"max-snippet:-1","max-image-preview":"max-image-preview:large","max-video-preview":"max-video-preview:-1"},"canonical":"https:\/\/thelabinthebag.com\/fr\/replays-webinaires-immersion-sensorialite-creativite\/","twitter_misc":{"\u00c9crit par":"manon","Dur\u00e9e de lecture estim\u00e9e":"3 minutes"},"schema":{"@context":"https:\/\/schema.org","@graph":[{"@type":"Article","@id":"https:\/\/thelabinthebag.com\/fr\/replays-webinaires-immersion-sensorialite-creativite\/#article","isPartOf":{"@id":"https:\/\/thelabinthebag.com\/fr\/replays-webinaires-immersion-sensorialite-creativite\/"},"author":{"name":"manon","@id":"https:\/\/thelabinthebag.com\/fr\/#\/schema\/person\/bece562eab03b04af9fa208090beac28"},"headline":"Replays Webinaires : \u00ab\u00a0Immersion, Sensorialit\u00e9 &amp; Cr\u00e9ativit\u00e9\u00a0\u00bb","datePublished":"2024-04-19T14:36:02+00:00","dateModified":"2024-09-25T13:10:41+00:00","mainEntityOfPage":{"@id":"https:\/\/thelabinthebag.com\/fr\/replays-webinaires-immersion-sensorialite-creativite\/"},"wordCount":399,"commentCount":0,"image":{"@id":"https:\/\/thelabinthebag.com\/fr\/replays-webinaires-immersion-sensorialite-creativite\/#primaryimage"},"thumbnailUrl":"https:\/\/thelabinthebag.com\/fr\/wp-content\/uploads\/sites\/3\/2024\/04\/replays-webinaires-immersion-sensorialite-creativite.jpg","articleSection":["Actualit\u00e9s"],"inLanguage":"fr-FR","potentialAction":[{"@type":"CommentAction","name":"Comment","target":["https:\/\/thelabinthebag.com\/fr\/replays-webinaires-immersion-sensorialite-creativite\/#respond"]}]},{"@type":"WebPage","@id":"https:\/\/thelabinthebag.com\/fr\/replays-webinaires-immersion-sensorialite-creativite\/","url":"https:\/\/thelabinthebag.com\/fr\/replays-webinaires-immersion-sensorialite-creativite\/","name":"Replays Webinaires : \"Immersion, Sensorialit\u00e9 &amp; Cr\u00e9ativit\u00e9\" - THE LAB in The Bag FR","isPartOf":{"@id":"https:\/\/thelabinthebag.com\/fr\/#website"},"primaryImageOfPage":{"@id":"https:\/\/thelabinthebag.com\/fr\/replays-webinaires-immersion-sensorialite-creativite\/#primaryimage"},"image":{"@id":"https:\/\/thelabinthebag.com\/fr\/replays-webinaires-immersion-sensorialite-creativite\/#primaryimage"},"thumbnailUrl":"https:\/\/thelabinthebag.com\/fr\/wp-content\/uploads\/sites\/3\/2024\/04\/replays-webinaires-immersion-sensorialite-creativite.jpg","datePublished":"2024-04-19T14:36:02+00:00","dateModified":"2024-09-25T13:10:41+00:00","author":{"@id":"https:\/\/thelabinthebag.com\/fr\/#\/schema\/person\/bece562eab03b04af9fa208090beac28"},"description":"Explorez le futur des \u00e9tudes marketing en boostant la cr\u00e9ativit\u00e9 avec les salles immersives multi-sensorielles !","breadcrumb":{"@id":"https:\/\/thelabinthebag.com\/fr\/replays-webinaires-immersion-sensorialite-creativite\/#breadcrumb"},"inLanguage":"fr-FR","potentialAction":[{"@type":"ReadAction","target":["https:\/\/thelabinthebag.com\/fr\/replays-webinaires-immersion-sensorialite-creativite\/"]}]},{"@type":"ImageObject","inLanguage":"fr-FR","@id":"https:\/\/thelabinthebag.com\/fr\/replays-webinaires-immersion-sensorialite-creativite\/#primaryimage","url":"https:\/\/thelabinthebag.com\/fr\/wp-content\/uploads\/sites\/3\/2024\/04\/replays-webinaires-immersion-sensorialite-creativite.jpg","contentUrl":"https:\/\/thelabinthebag.com\/fr\/wp-content\/uploads\/sites\/3\/2024\/04\/replays-webinaires-immersion-sensorialite-creativite.jpg","width":1600,"height":1200},{"@type":"BreadcrumbList","@id":"https:\/\/thelabinthebag.com\/fr\/replays-webinaires-immersion-sensorialite-creativite\/#breadcrumb","itemListElement":[{"@type":"ListItem","position":1,"name":"Home","item":"https:\/\/thelabinthebag.com\/fr\/"},{"@type":"ListItem","position":2,"name":"Replays Webinaires : \u00ab\u00a0Immersion, Sensorialit\u00e9 &amp; Cr\u00e9ativit\u00e9\u00a0\u00bb"}]},{"@type":"WebSite","@id":"https:\/\/thelabinthebag.com\/fr\/#website","url":"https:\/\/thelabinthebag.com\/fr\/","name":"THE LAB in The Bag FR","description":"","potentialAction":[{"@type":"SearchAction","target":{"@type":"EntryPoint","urlTemplate":"https:\/\/thelabinthebag.com\/fr\/?s={search_term_string}"},"query-input":{"@type":"PropertyValueSpecification","valueRequired":true,"valueName":"search_term_string"}}],"inLanguage":"fr-FR"},{"@type":"Person","@id":"https:\/\/thelabinthebag.com\/fr\/#\/schema\/person\/bece562eab03b04af9fa208090beac28","name":"manon","image":{"@type":"ImageObject","inLanguage":"fr-FR","@id":"https:\/\/secure.gravatar.com\/avatar\/ce80609730a7c82175be5c2f94150161b5ae3f44e637b25d61b3dd993ff9c9b9?s=96&d=mm&r=g","url":"https:\/\/secure.gravatar.com\/avatar\/ce80609730a7c82175be5c2f94150161b5ae3f44e637b25d61b3dd993ff9c9b9?s=96&d=mm&r=g","contentUrl":"https:\/\/secure.gravatar.com\/avatar\/ce80609730a7c82175be5c2f94150161b5ae3f44e637b25d61b3dd993ff9c9b9?s=96&d=mm&r=g","caption":"manon"},"url":"https:\/\/thelabinthebag.com\/fr\/author\/manon\/"}]}},"_links":{"self":[{"href":"https:\/\/thelabinthebag.com\/fr\/wp-json\/wp\/v2\/posts\/1668","targetHints":{"allow":["GET"]}}],"collection":[{"href":"https:\/\/thelabinthebag.com\/fr\/wp-json\/wp\/v2\/posts"}],"about":[{"href":"https:\/\/thelabinthebag.com\/fr\/wp-json\/wp\/v2\/types\/post"}],"author":[{"embeddable":true,"href":"https:\/\/thelabinthebag.com\/fr\/wp-json\/wp\/v2\/users\/9"}],"replies":[{"embeddable":true,"href":"https:\/\/thelabinthebag.com\/fr\/wp-json\/wp\/v2\/comments?post=1668"}],"version-history":[{"count":5,"href":"https:\/\/thelabinthebag.com\/fr\/wp-json\/wp\/v2\/posts\/1668\/revisions"}],"predecessor-version":[{"id":1687,"href":"https:\/\/thelabinthebag.com\/fr\/wp-json\/wp\/v2\/posts\/1668\/revisions\/1687"}],"wp:featuredmedia":[{"embeddable":true,"href":"https:\/\/thelabinthebag.com\/fr\/wp-json\/wp\/v2\/media\/1669"}],"wp:attachment":[{"href":"https:\/\/thelabinthebag.com\/fr\/wp-json\/wp\/v2\/media?parent=1668"}],"wp:term":[{"taxonomy":"category","embeddable":true,"href":"https:\/\/thelabinthebag.com\/fr\/wp-json\/wp\/v2\/categories?post=1668"},{"taxonomy":"post_tag","embeddable":true,"href":"https:\/\/thelabinthebag.com\/fr\/wp-json\/wp\/v2\/tags?post=1668"}],"curies":[{"name":"wp","href":"https:\/\/api.w.org\/{rel}","templated":true}]}}