{"id":179,"date":"2014-07-08T09:17:30","date_gmt":"2014-07-08T08:17:30","guid":{"rendered":"https:\/\/thelabinthebag.com\/fr\/?p=179"},"modified":"2016-08-02T14:11:33","modified_gmt":"2016-08-02T13:11:33","slug":"printemps-des-etudes-2014","status":"publish","type":"post","link":"https:\/\/thelabinthebag.com\/fr\/printemps-des-etudes-2014\/","title":{"rendered":"Printemps des \u00c9tudes 2014"},"content":{"rendered":"<h2><span style=\"color: #222222\"><span style=\"font-family: Arial,serif\"><span style=\"font-size: medium\">L&rsquo;\u00e9quipe de The Lab<em> in the Bag <\/em>au Printemps des \u00e9tudes<\/span><\/span><\/span><\/h2>\n<p><span style=\"color: #222222\"><span style=\"font-family: Arial,serif\"><span style=\"font-size: medium\">Le <strong><a href=\"http:\/\/www.printemps-etudes.com\/\" target=\"_blank\">Printemps des \u00c9tudes<\/a><\/strong> est un \u00e9v\u00e9nement national de r\u00e9f\u00e9rence, cr\u00e9\u00e9 \u00e0 l\u2019initiative des professionnels des \u00c9tudes\u00a0Marketing et Opinion pour leurs permettre de pr\u00e9senter les derni\u00e8res tendances et innovations du secteur.<\/span><\/span><\/span><\/p>\n<p><span style=\"color: #222222\"><span style=\"font-family: Arial,serif\"><span style=\"font-size: medium\"><br \/>\nPour la premi\u00e8re fois, une cabine sensorielle mobile et d\u00e9montable facilement \u00e9tait pr\u00e9sente sur le stand de l&rsquo;institut d&rsquo;\u00e9tudes <strong><a href=\"http:\/\/reperes.eu\/\" target=\"_blank\">Rep\u00e8res<\/a><\/strong>. De nombreux annonceurs ont ainsi pu la tester en situation r\u00e9elle.<\/span><\/span><\/span><\/p>\n<blockquote><p><span style=\"color: #222222\"><span style=\"font-family: Arial,serif\"><span style=\"font-size: medium\"> Par ailleurs, elle a servi de support \u00e0 une s\u00e9rie de visites guid\u00e9es th\u00e9matiques autour de<em> \u00ab\u00a0la mesure des \u00e9motions\u00a0\u00bb<\/em>, anim\u00e9es par Franck Saunier.<\/span><\/span><\/span><\/p><\/blockquote>\n<div id=\"attachment_564\" style=\"width: 523px\" class=\"wp-caption aligncenter\"><a href=\"https:\/\/thelabinthebag.com\/fr\/wp-content\/uploads\/sites\/3\/2015\/07\/Full-Booth-4-e1465475467287.jpg\" data-rel=\"lightbox-image-0\" data-rl_title=\"\" data-rl_caption=\"\" title=\"\"><img loading=\"lazy\" decoding=\"async\" aria-describedby=\"caption-attachment-564\" class=\"size-full wp-image-564\" src=\"https:\/\/thelabinthebag.com\/fr\/wp-content\/uploads\/sites\/3\/2015\/07\/Full-Booth-4-e1465475467287.jpg\" alt=\"Cabine analyse organoleptique\" width=\"513\" height=\"516\" srcset=\"https:\/\/thelabinthebag.com\/fr\/wp-content\/uploads\/sites\/3\/2015\/07\/Full-Booth-4-e1465475467287.jpg 513w, https:\/\/thelabinthebag.com\/fr\/wp-content\/uploads\/sites\/3\/2015\/07\/Full-Booth-4-e1465475467287-150x150.jpg 150w, https:\/\/thelabinthebag.com\/fr\/wp-content\/uploads\/sites\/3\/2015\/07\/Full-Booth-4-e1465475467287-298x300.jpg 298w\" sizes=\"auto, (max-width: 513px) 100vw, 513px\" \/><\/a><p id=\"caption-attachment-564\" class=\"wp-caption-text\">Cabine d&rsquo;isolation sensorielle totale Full Lab<\/p><\/div>\n","protected":false},"excerpt":{"rendered":"<p>L&rsquo;\u00e9quipe de The Lab in the Bag au Printemps des \u00e9tudes Le Printemps des \u00c9tudes est un \u00e9v\u00e9nement national de r\u00e9f\u00e9rence, cr\u00e9\u00e9 \u00e0 l\u2019initiative des professionnels des \u00c9tudes\u00a0Marketing et Opinion pour leurs permettre de pr\u00e9senter les derni\u00e8res tendances et innovations du secteur. Pour la premi\u00e8re fois, une cabine sensorielle mobile et d\u00e9montable facilement \u00e9tait pr\u00e9sente [&hellip;]<\/p>\n","protected":false},"author":2,"featured_media":0,"comment_status":"open","ping_status":"open","sticky":false,"template":"","format":"standard","meta":{"footnotes":""},"categories":[1],"tags":[8,9,5,4,6,7],"class_list":["post-179","post","type-post","status-publish","format-standard","hentry","category-actualites","tag-analyse-sensorielle","tag-cabine-mobile-et-demontable","tag-full-lab","tag-printemps-des-etudes","tag-reperes","tag-test-organoleptique"],"yoast_head":"<!-- This site is optimized with the Yoast SEO plugin v27.4 - https:\/\/yoast.com\/product\/yoast-seo-wordpress\/ -->\n<title>Printemps des \u00c9tudes 2014<\/title>\n<meta name=\"description\" content=\"L&#039;\u00e9quipe de The Lab in the Bag est pr\u00e9sente au Printemps des \u00c9tudes 2014 sur le stand Rep\u00e8res afin de faire des d\u00e9monstrations avec la cabine Full Lab.\" \/>\n<meta name=\"robots\" content=\"index, follow, max-snippet:-1, max-image-preview:large, max-video-preview:-1\" \/>\n<link rel=\"canonical\" href=\"https:\/\/thelabinthebag.com\/fr\/printemps-des-etudes-2014\/\" \/>\n<meta name=\"twitter:label1\" content=\"\u00c9crit par\" \/>\n\t<meta name=\"twitter:data1\" content=\"Sylvain Robert\" \/>\n\t<meta name=\"twitter:label2\" content=\"Dur\u00e9e de lecture estim\u00e9e\" \/>\n\t<meta name=\"twitter:data2\" content=\"1 minute\" \/>\n<script type=\"application\/ld+json\" class=\"yoast-schema-graph\">{\"@context\":\"https:\\\/\\\/schema.org\",\"@graph\":[{\"@type\":\"Article\",\"@id\":\"https:\\\/\\\/thelabinthebag.com\\\/fr\\\/printemps-des-etudes-2014\\\/#article\",\"isPartOf\":{\"@id\":\"https:\\\/\\\/thelabinthebag.com\\\/fr\\\/printemps-des-etudes-2014\\\/\"},\"author\":{\"name\":\"Sylvain Robert\",\"@id\":\"https:\\\/\\\/thelabinthebag.com\\\/fr\\\/#\\\/schema\\\/person\\\/5b2153c74c300cba036ef2c4228fc095\"},\"headline\":\"Printemps des \u00c9tudes 2014\",\"datePublished\":\"2014-07-08T08:17:30+00:00\",\"dateModified\":\"2016-08-02T13:11:33+00:00\",\"mainEntityOfPage\":{\"@id\":\"https:\\\/\\\/thelabinthebag.com\\\/fr\\\/printemps-des-etudes-2014\\\/\"},\"wordCount\":129,\"commentCount\":0,\"image\":{\"@id\":\"https:\\\/\\\/thelabinthebag.com\\\/fr\\\/printemps-des-etudes-2014\\\/#primaryimage\"},\"thumbnailUrl\":\"https:\\\/\\\/thelabinthebag.com\\\/fr\\\/wp-content\\\/uploads\\\/sites\\\/3\\\/2015\\\/07\\\/Full-Booth-4-e1465475467287.jpg\",\"keywords\":[\"Analyse sensorielle\",\"Cabine mobile et d\u00e9montable\",\"Full Lab\",\"Printemps des \u00e9tudes\",\"Rep\u00e8res\",\"Test organoleptique\"],\"articleSection\":[\"Actualit\u00e9s\"],\"inLanguage\":\"fr-FR\",\"potentialAction\":[{\"@type\":\"CommentAction\",\"name\":\"Comment\",\"target\":[\"https:\\\/\\\/thelabinthebag.com\\\/fr\\\/printemps-des-etudes-2014\\\/#respond\"]}]},{\"@type\":\"WebPage\",\"@id\":\"https:\\\/\\\/thelabinthebag.com\\\/fr\\\/printemps-des-etudes-2014\\\/\",\"url\":\"https:\\\/\\\/thelabinthebag.com\\\/fr\\\/printemps-des-etudes-2014\\\/\",\"name\":\"Printemps des \u00c9tudes 2014\",\"isPartOf\":{\"@id\":\"https:\\\/\\\/thelabinthebag.com\\\/fr\\\/#website\"},\"primaryImageOfPage\":{\"@id\":\"https:\\\/\\\/thelabinthebag.com\\\/fr\\\/printemps-des-etudes-2014\\\/#primaryimage\"},\"image\":{\"@id\":\"https:\\\/\\\/thelabinthebag.com\\\/fr\\\/printemps-des-etudes-2014\\\/#primaryimage\"},\"thumbnailUrl\":\"https:\\\/\\\/thelabinthebag.com\\\/fr\\\/wp-content\\\/uploads\\\/sites\\\/3\\\/2015\\\/07\\\/Full-Booth-4-e1465475467287.jpg\",\"datePublished\":\"2014-07-08T08:17:30+00:00\",\"dateModified\":\"2016-08-02T13:11:33+00:00\",\"author\":{\"@id\":\"https:\\\/\\\/thelabinthebag.com\\\/fr\\\/#\\\/schema\\\/person\\\/5b2153c74c300cba036ef2c4228fc095\"},\"description\":\"L'\u00e9quipe de The Lab in the Bag est pr\u00e9sente au Printemps des \u00c9tudes 2014 sur le stand Rep\u00e8res afin de faire des d\u00e9monstrations avec la cabine Full Lab.\",\"breadcrumb\":{\"@id\":\"https:\\\/\\\/thelabinthebag.com\\\/fr\\\/printemps-des-etudes-2014\\\/#breadcrumb\"},\"inLanguage\":\"fr-FR\",\"potentialAction\":[{\"@type\":\"ReadAction\",\"target\":[\"https:\\\/\\\/thelabinthebag.com\\\/fr\\\/printemps-des-etudes-2014\\\/\"]}]},{\"@type\":\"ImageObject\",\"inLanguage\":\"fr-FR\",\"@id\":\"https:\\\/\\\/thelabinthebag.com\\\/fr\\\/printemps-des-etudes-2014\\\/#primaryimage\",\"url\":\"https:\\\/\\\/thelabinthebag.com\\\/fr\\\/wp-content\\\/uploads\\\/sites\\\/3\\\/2015\\\/07\\\/Full-Booth-4-e1465475467287.jpg\",\"contentUrl\":\"https:\\\/\\\/thelabinthebag.com\\\/fr\\\/wp-content\\\/uploads\\\/sites\\\/3\\\/2015\\\/07\\\/Full-Booth-4-e1465475467287.jpg\",\"width\":513,\"height\":516,\"caption\":\"Cabine d'isolation sensorielle totale Full Lab\"},{\"@type\":\"BreadcrumbList\",\"@id\":\"https:\\\/\\\/thelabinthebag.com\\\/fr\\\/printemps-des-etudes-2014\\\/#breadcrumb\",\"itemListElement\":[{\"@type\":\"ListItem\",\"position\":1,\"name\":\"Home\",\"item\":\"https:\\\/\\\/thelabinthebag.com\\\/fr\\\/\"},{\"@type\":\"ListItem\",\"position\":2,\"name\":\"Printemps des \u00c9tudes 2014\"}]},{\"@type\":\"WebSite\",\"@id\":\"https:\\\/\\\/thelabinthebag.com\\\/fr\\\/#website\",\"url\":\"https:\\\/\\\/thelabinthebag.com\\\/fr\\\/\",\"name\":\"THE LAB in The Bag FR\",\"description\":\"\",\"potentialAction\":[{\"@type\":\"SearchAction\",\"target\":{\"@type\":\"EntryPoint\",\"urlTemplate\":\"https:\\\/\\\/thelabinthebag.com\\\/fr\\\/?s={search_term_string}\"},\"query-input\":{\"@type\":\"PropertyValueSpecification\",\"valueRequired\":true,\"valueName\":\"search_term_string\"}}],\"inLanguage\":\"fr-FR\"},{\"@type\":\"Person\",\"@id\":\"https:\\\/\\\/thelabinthebag.com\\\/fr\\\/#\\\/schema\\\/person\\\/5b2153c74c300cba036ef2c4228fc095\",\"name\":\"Sylvain Robert\",\"image\":{\"@type\":\"ImageObject\",\"inLanguage\":\"fr-FR\",\"@id\":\"https:\\\/\\\/secure.gravatar.com\\\/avatar\\\/2ceba9893eb5d154c3dcd812bd66c2636d2f3e58f87986dd461a20ac27181a6b?s=96&d=mm&r=g\",\"url\":\"https:\\\/\\\/secure.gravatar.com\\\/avatar\\\/2ceba9893eb5d154c3dcd812bd66c2636d2f3e58f87986dd461a20ac27181a6b?s=96&d=mm&r=g\",\"contentUrl\":\"https:\\\/\\\/secure.gravatar.com\\\/avatar\\\/2ceba9893eb5d154c3dcd812bd66c2636d2f3e58f87986dd461a20ac27181a6b?s=96&d=mm&r=g\",\"caption\":\"Sylvain Robert\"},\"url\":\"https:\\\/\\\/thelabinthebag.com\\\/fr\\\/author\\\/christophe\\\/\"}]}<\/script>\n<!-- \/ Yoast SEO plugin. -->","yoast_head_json":{"title":"Printemps des \u00c9tudes 2014","description":"L'\u00e9quipe de The Lab in the Bag est pr\u00e9sente au Printemps des \u00c9tudes 2014 sur le stand Rep\u00e8res afin de faire des d\u00e9monstrations avec la cabine Full Lab.","robots":{"index":"index","follow":"follow","max-snippet":"max-snippet:-1","max-image-preview":"max-image-preview:large","max-video-preview":"max-video-preview:-1"},"canonical":"https:\/\/thelabinthebag.com\/fr\/printemps-des-etudes-2014\/","twitter_misc":{"\u00c9crit par":"Sylvain Robert","Dur\u00e9e de lecture estim\u00e9e":"1 minute"},"schema":{"@context":"https:\/\/schema.org","@graph":[{"@type":"Article","@id":"https:\/\/thelabinthebag.com\/fr\/printemps-des-etudes-2014\/#article","isPartOf":{"@id":"https:\/\/thelabinthebag.com\/fr\/printemps-des-etudes-2014\/"},"author":{"name":"Sylvain Robert","@id":"https:\/\/thelabinthebag.com\/fr\/#\/schema\/person\/5b2153c74c300cba036ef2c4228fc095"},"headline":"Printemps des \u00c9tudes 2014","datePublished":"2014-07-08T08:17:30+00:00","dateModified":"2016-08-02T13:11:33+00:00","mainEntityOfPage":{"@id":"https:\/\/thelabinthebag.com\/fr\/printemps-des-etudes-2014\/"},"wordCount":129,"commentCount":0,"image":{"@id":"https:\/\/thelabinthebag.com\/fr\/printemps-des-etudes-2014\/#primaryimage"},"thumbnailUrl":"https:\/\/thelabinthebag.com\/fr\/wp-content\/uploads\/sites\/3\/2015\/07\/Full-Booth-4-e1465475467287.jpg","keywords":["Analyse sensorielle","Cabine mobile et d\u00e9montable","Full Lab","Printemps des \u00e9tudes","Rep\u00e8res","Test organoleptique"],"articleSection":["Actualit\u00e9s"],"inLanguage":"fr-FR","potentialAction":[{"@type":"CommentAction","name":"Comment","target":["https:\/\/thelabinthebag.com\/fr\/printemps-des-etudes-2014\/#respond"]}]},{"@type":"WebPage","@id":"https:\/\/thelabinthebag.com\/fr\/printemps-des-etudes-2014\/","url":"https:\/\/thelabinthebag.com\/fr\/printemps-des-etudes-2014\/","name":"Printemps des \u00c9tudes 2014","isPartOf":{"@id":"https:\/\/thelabinthebag.com\/fr\/#website"},"primaryImageOfPage":{"@id":"https:\/\/thelabinthebag.com\/fr\/printemps-des-etudes-2014\/#primaryimage"},"image":{"@id":"https:\/\/thelabinthebag.com\/fr\/printemps-des-etudes-2014\/#primaryimage"},"thumbnailUrl":"https:\/\/thelabinthebag.com\/fr\/wp-content\/uploads\/sites\/3\/2015\/07\/Full-Booth-4-e1465475467287.jpg","datePublished":"2014-07-08T08:17:30+00:00","dateModified":"2016-08-02T13:11:33+00:00","author":{"@id":"https:\/\/thelabinthebag.com\/fr\/#\/schema\/person\/5b2153c74c300cba036ef2c4228fc095"},"description":"L'\u00e9quipe de The Lab in the Bag est pr\u00e9sente au Printemps des \u00c9tudes 2014 sur le stand Rep\u00e8res afin de faire des d\u00e9monstrations avec la cabine Full Lab.","breadcrumb":{"@id":"https:\/\/thelabinthebag.com\/fr\/printemps-des-etudes-2014\/#breadcrumb"},"inLanguage":"fr-FR","potentialAction":[{"@type":"ReadAction","target":["https:\/\/thelabinthebag.com\/fr\/printemps-des-etudes-2014\/"]}]},{"@type":"ImageObject","inLanguage":"fr-FR","@id":"https:\/\/thelabinthebag.com\/fr\/printemps-des-etudes-2014\/#primaryimage","url":"https:\/\/thelabinthebag.com\/fr\/wp-content\/uploads\/sites\/3\/2015\/07\/Full-Booth-4-e1465475467287.jpg","contentUrl":"https:\/\/thelabinthebag.com\/fr\/wp-content\/uploads\/sites\/3\/2015\/07\/Full-Booth-4-e1465475467287.jpg","width":513,"height":516,"caption":"Cabine d'isolation sensorielle totale Full Lab"},{"@type":"BreadcrumbList","@id":"https:\/\/thelabinthebag.com\/fr\/printemps-des-etudes-2014\/#breadcrumb","itemListElement":[{"@type":"ListItem","position":1,"name":"Home","item":"https:\/\/thelabinthebag.com\/fr\/"},{"@type":"ListItem","position":2,"name":"Printemps des \u00c9tudes 2014"}]},{"@type":"WebSite","@id":"https:\/\/thelabinthebag.com\/fr\/#website","url":"https:\/\/thelabinthebag.com\/fr\/","name":"THE LAB in The Bag FR","description":"","potentialAction":[{"@type":"SearchAction","target":{"@type":"EntryPoint","urlTemplate":"https:\/\/thelabinthebag.com\/fr\/?s={search_term_string}"},"query-input":{"@type":"PropertyValueSpecification","valueRequired":true,"valueName":"search_term_string"}}],"inLanguage":"fr-FR"},{"@type":"Person","@id":"https:\/\/thelabinthebag.com\/fr\/#\/schema\/person\/5b2153c74c300cba036ef2c4228fc095","name":"Sylvain Robert","image":{"@type":"ImageObject","inLanguage":"fr-FR","@id":"https:\/\/secure.gravatar.com\/avatar\/2ceba9893eb5d154c3dcd812bd66c2636d2f3e58f87986dd461a20ac27181a6b?s=96&d=mm&r=g","url":"https:\/\/secure.gravatar.com\/avatar\/2ceba9893eb5d154c3dcd812bd66c2636d2f3e58f87986dd461a20ac27181a6b?s=96&d=mm&r=g","contentUrl":"https:\/\/secure.gravatar.com\/avatar\/2ceba9893eb5d154c3dcd812bd66c2636d2f3e58f87986dd461a20ac27181a6b?s=96&d=mm&r=g","caption":"Sylvain Robert"},"url":"https:\/\/thelabinthebag.com\/fr\/author\/christophe\/"}]}},"_links":{"self":[{"href":"https:\/\/thelabinthebag.com\/fr\/wp-json\/wp\/v2\/posts\/179","targetHints":{"allow":["GET"]}}],"collection":[{"href":"https:\/\/thelabinthebag.com\/fr\/wp-json\/wp\/v2\/posts"}],"about":[{"href":"https:\/\/thelabinthebag.com\/fr\/wp-json\/wp\/v2\/types\/post"}],"author":[{"embeddable":true,"href":"https:\/\/thelabinthebag.com\/fr\/wp-json\/wp\/v2\/users\/2"}],"replies":[{"embeddable":true,"href":"https:\/\/thelabinthebag.com\/fr\/wp-json\/wp\/v2\/comments?post=179"}],"version-history":[{"count":0,"href":"https:\/\/thelabinthebag.com\/fr\/wp-json\/wp\/v2\/posts\/179\/revisions"}],"wp:attachment":[{"href":"https:\/\/thelabinthebag.com\/fr\/wp-json\/wp\/v2\/media?parent=179"}],"wp:term":[{"taxonomy":"category","embeddable":true,"href":"https:\/\/thelabinthebag.com\/fr\/wp-json\/wp\/v2\/categories?post=179"},{"taxonomy":"post_tag","embeddable":true,"href":"https:\/\/thelabinthebag.com\/fr\/wp-json\/wp\/v2\/tags?post=179"}],"curies":[{"name":"wp","href":"https:\/\/api.w.org\/{rel}","templated":true}]}}