{"id":420,"date":"2015-12-09T17:20:20","date_gmt":"2015-12-09T16:20:20","guid":{"rendered":"https:\/\/thelabinthebag.com\/fr\/?p=420"},"modified":"2016-06-10T11:46:43","modified_gmt":"2016-06-10T10:46:43","slug":"succes-a-lexport-pour-the-lab-in-the-bag","status":"publish","type":"post","link":"https:\/\/thelabinthebag.com\/fr\/succes-a-lexport-pour-the-lab-in-the-bag\/","title":{"rendered":"Succ\u00e8s \u00e0 l&rsquo;export pour The Lab in the Bag"},"content":{"rendered":"<h2>Export de cabines et de boxes d&rsquo;analyse sensorielle<\/h2>\n<p>Depuis sa cr\u00e9ation en 2013, The Lab <em>in the Bag<\/em> s&rsquo;est particuli\u00e8rement bien d\u00e9velopp\u00e9 \u00e0 l&rsquo;export. Par exemple\u00a0sur les 3 derniers mois, des cabines et boxes d&rsquo;analyse sensorielle ont \u00e9t\u00e9 livr\u00e9es au UK, aux USA, en Australie et \u00e0 Singapour.<\/p>\n<blockquote>\n<h4>Notre logistique est bien rod\u00e9e pour vous fournir nos produits\u00a0dans le monde entier !<\/h4>\n<\/blockquote>\n<div class=\"su-row\"><\/div><div class=\"su-column su-column-size-1-2\"><div class=\"su-column-inner su-u-clearfix su-u-trim\"><\/div><\/div><img loading=\"lazy\" decoding=\"async\" class=\"alignleft wp-image-421 size-full\" src=\"https:\/\/thelabinthebag.com\/fr\/wp-content\/uploads\/sites\/3\/2015\/12\/export.jpg\" alt=\"international export\" width=\"200\" height=\"133\" \/><\/p>\n","protected":false},"excerpt":{"rendered":"<p>Export de cabines et de boxes d&rsquo;analyse sensorielle Depuis sa cr\u00e9ation en 2013, The Lab in the Bag s&rsquo;est particuli\u00e8rement bien d\u00e9velopp\u00e9 \u00e0 l&rsquo;export. Par exemple\u00a0sur les 3 derniers mois, des cabines et boxes d&rsquo;analyse sensorielle ont \u00e9t\u00e9 livr\u00e9es au UK, aux USA, en Australie et \u00e0 Singapour. Notre logistique est bien rod\u00e9e pour vous [&hellip;]<\/p>\n","protected":false},"author":5,"featured_media":421,"comment_status":"open","ping_status":"open","sticky":false,"template":"","format":"standard","meta":{"footnotes":""},"categories":[1],"tags":[8,9,19,20,7],"class_list":["post-420","post","type-post","status-publish","format-standard","has-post-thumbnail","hentry","category-actualites","tag-analyse-sensorielle","tag-cabine-mobile-et-demontable","tag-export","tag-international","tag-test-organoleptique"],"yoast_head":"<!-- This site is optimized with the Yoast SEO plugin v27.4 - https:\/\/yoast.com\/product\/yoast-seo-wordpress\/ -->\n<title>Succ\u00e8s \u00e0 l&#039;export des cabines The Lab in the Bag<\/title>\n<meta name=\"description\" content=\"Depuis 2013, des cabines et des boxes d&#039;analyse sensorielle The Lab in the Bag ont \u00e9t\u00e9 livr\u00e9es au UK, aux USA, en Australie et \u00e0 Singapour.\" \/>\n<meta name=\"robots\" content=\"index, follow, max-snippet:-1, max-image-preview:large, max-video-preview:-1\" \/>\n<link rel=\"canonical\" href=\"https:\/\/thelabinthebag.com\/fr\/succes-a-lexport-pour-the-lab-in-the-bag\/\" \/>\n<meta name=\"twitter:label1\" content=\"\u00c9crit par\" \/>\n\t<meta name=\"twitter:data1\" content=\"fabiven\" \/>\n<script type=\"application\/ld+json\" class=\"yoast-schema-graph\">{\"@context\":\"https:\\\/\\\/schema.org\",\"@graph\":[{\"@type\":\"Article\",\"@id\":\"https:\\\/\\\/thelabinthebag.com\\\/fr\\\/succes-a-lexport-pour-the-lab-in-the-bag\\\/#article\",\"isPartOf\":{\"@id\":\"https:\\\/\\\/thelabinthebag.com\\\/fr\\\/succes-a-lexport-pour-the-lab-in-the-bag\\\/\"},\"author\":{\"name\":\"fabiven\",\"@id\":\"https:\\\/\\\/thelabinthebag.com\\\/fr\\\/#\\\/schema\\\/person\\\/3eed0d43927eccbaced4dd9e14c914d7\"},\"headline\":\"Succ\u00e8s \u00e0 l&rsquo;export pour The Lab in the Bag\",\"datePublished\":\"2015-12-09T16:20:20+00:00\",\"dateModified\":\"2016-06-10T10:46:43+00:00\",\"mainEntityOfPage\":{\"@id\":\"https:\\\/\\\/thelabinthebag.com\\\/fr\\\/succes-a-lexport-pour-the-lab-in-the-bag\\\/\"},\"wordCount\":78,\"commentCount\":0,\"image\":{\"@id\":\"https:\\\/\\\/thelabinthebag.com\\\/fr\\\/succes-a-lexport-pour-the-lab-in-the-bag\\\/#primaryimage\"},\"thumbnailUrl\":\"https:\\\/\\\/thelabinthebag.com\\\/fr\\\/wp-content\\\/uploads\\\/sites\\\/3\\\/2015\\\/12\\\/export.jpg\",\"keywords\":[\"Analyse sensorielle\",\"Cabine mobile et d\u00e9montable\",\"export\",\"international\",\"Test organoleptique\"],\"articleSection\":[\"Actualit\u00e9s\"],\"inLanguage\":\"fr-FR\",\"potentialAction\":[{\"@type\":\"CommentAction\",\"name\":\"Comment\",\"target\":[\"https:\\\/\\\/thelabinthebag.com\\\/fr\\\/succes-a-lexport-pour-the-lab-in-the-bag\\\/#respond\"]}]},{\"@type\":\"WebPage\",\"@id\":\"https:\\\/\\\/thelabinthebag.com\\\/fr\\\/succes-a-lexport-pour-the-lab-in-the-bag\\\/\",\"url\":\"https:\\\/\\\/thelabinthebag.com\\\/fr\\\/succes-a-lexport-pour-the-lab-in-the-bag\\\/\",\"name\":\"Succ\u00e8s \u00e0 l'export des cabines The Lab in the Bag\",\"isPartOf\":{\"@id\":\"https:\\\/\\\/thelabinthebag.com\\\/fr\\\/#website\"},\"primaryImageOfPage\":{\"@id\":\"https:\\\/\\\/thelabinthebag.com\\\/fr\\\/succes-a-lexport-pour-the-lab-in-the-bag\\\/#primaryimage\"},\"image\":{\"@id\":\"https:\\\/\\\/thelabinthebag.com\\\/fr\\\/succes-a-lexport-pour-the-lab-in-the-bag\\\/#primaryimage\"},\"thumbnailUrl\":\"https:\\\/\\\/thelabinthebag.com\\\/fr\\\/wp-content\\\/uploads\\\/sites\\\/3\\\/2015\\\/12\\\/export.jpg\",\"datePublished\":\"2015-12-09T16:20:20+00:00\",\"dateModified\":\"2016-06-10T10:46:43+00:00\",\"author\":{\"@id\":\"https:\\\/\\\/thelabinthebag.com\\\/fr\\\/#\\\/schema\\\/person\\\/3eed0d43927eccbaced4dd9e14c914d7\"},\"description\":\"Depuis 2013, des cabines et des boxes d'analyse sensorielle The Lab in the Bag ont \u00e9t\u00e9 livr\u00e9es au UK, aux USA, en Australie et \u00e0 Singapour.\",\"breadcrumb\":{\"@id\":\"https:\\\/\\\/thelabinthebag.com\\\/fr\\\/succes-a-lexport-pour-the-lab-in-the-bag\\\/#breadcrumb\"},\"inLanguage\":\"fr-FR\",\"potentialAction\":[{\"@type\":\"ReadAction\",\"target\":[\"https:\\\/\\\/thelabinthebag.com\\\/fr\\\/succes-a-lexport-pour-the-lab-in-the-bag\\\/\"]}]},{\"@type\":\"ImageObject\",\"inLanguage\":\"fr-FR\",\"@id\":\"https:\\\/\\\/thelabinthebag.com\\\/fr\\\/succes-a-lexport-pour-the-lab-in-the-bag\\\/#primaryimage\",\"url\":\"https:\\\/\\\/thelabinthebag.com\\\/fr\\\/wp-content\\\/uploads\\\/sites\\\/3\\\/2015\\\/12\\\/export.jpg\",\"contentUrl\":\"https:\\\/\\\/thelabinthebag.com\\\/fr\\\/wp-content\\\/uploads\\\/sites\\\/3\\\/2015\\\/12\\\/export.jpg\",\"width\":200,\"height\":133},{\"@type\":\"BreadcrumbList\",\"@id\":\"https:\\\/\\\/thelabinthebag.com\\\/fr\\\/succes-a-lexport-pour-the-lab-in-the-bag\\\/#breadcrumb\",\"itemListElement\":[{\"@type\":\"ListItem\",\"position\":1,\"name\":\"Home\",\"item\":\"https:\\\/\\\/thelabinthebag.com\\\/fr\\\/\"},{\"@type\":\"ListItem\",\"position\":2,\"name\":\"Succ\u00e8s \u00e0 l&rsquo;export pour The Lab in the Bag\"}]},{\"@type\":\"WebSite\",\"@id\":\"https:\\\/\\\/thelabinthebag.com\\\/fr\\\/#website\",\"url\":\"https:\\\/\\\/thelabinthebag.com\\\/fr\\\/\",\"name\":\"THE LAB in The Bag FR\",\"description\":\"\",\"potentialAction\":[{\"@type\":\"SearchAction\",\"target\":{\"@type\":\"EntryPoint\",\"urlTemplate\":\"https:\\\/\\\/thelabinthebag.com\\\/fr\\\/?s={search_term_string}\"},\"query-input\":{\"@type\":\"PropertyValueSpecification\",\"valueRequired\":true,\"valueName\":\"search_term_string\"}}],\"inLanguage\":\"fr-FR\"},{\"@type\":\"Person\",\"@id\":\"https:\\\/\\\/thelabinthebag.com\\\/fr\\\/#\\\/schema\\\/person\\\/3eed0d43927eccbaced4dd9e14c914d7\",\"name\":\"fabiven\",\"image\":{\"@type\":\"ImageObject\",\"inLanguage\":\"fr-FR\",\"@id\":\"https:\\\/\\\/secure.gravatar.com\\\/avatar\\\/889c8e027ad07f3d7381ae76f3d24d73e04876b107f596c2b538093aaaee1a26?s=96&d=mm&r=g\",\"url\":\"https:\\\/\\\/secure.gravatar.com\\\/avatar\\\/889c8e027ad07f3d7381ae76f3d24d73e04876b107f596c2b538093aaaee1a26?s=96&d=mm&r=g\",\"contentUrl\":\"https:\\\/\\\/secure.gravatar.com\\\/avatar\\\/889c8e027ad07f3d7381ae76f3d24d73e04876b107f596c2b538093aaaee1a26?s=96&d=mm&r=g\",\"caption\":\"fabiven\"},\"url\":\"https:\\\/\\\/thelabinthebag.com\\\/fr\\\/author\\\/abiven\\\/\"}]}<\/script>\n<!-- \/ Yoast SEO plugin. -->","yoast_head_json":{"title":"Succ\u00e8s \u00e0 l'export des cabines The Lab in the Bag","description":"Depuis 2013, des cabines et des boxes d'analyse sensorielle The Lab in the Bag ont \u00e9t\u00e9 livr\u00e9es au UK, aux USA, en Australie et \u00e0 Singapour.","robots":{"index":"index","follow":"follow","max-snippet":"max-snippet:-1","max-image-preview":"max-image-preview:large","max-video-preview":"max-video-preview:-1"},"canonical":"https:\/\/thelabinthebag.com\/fr\/succes-a-lexport-pour-the-lab-in-the-bag\/","twitter_misc":{"\u00c9crit par":"fabiven"},"schema":{"@context":"https:\/\/schema.org","@graph":[{"@type":"Article","@id":"https:\/\/thelabinthebag.com\/fr\/succes-a-lexport-pour-the-lab-in-the-bag\/#article","isPartOf":{"@id":"https:\/\/thelabinthebag.com\/fr\/succes-a-lexport-pour-the-lab-in-the-bag\/"},"author":{"name":"fabiven","@id":"https:\/\/thelabinthebag.com\/fr\/#\/schema\/person\/3eed0d43927eccbaced4dd9e14c914d7"},"headline":"Succ\u00e8s \u00e0 l&rsquo;export pour The Lab in the Bag","datePublished":"2015-12-09T16:20:20+00:00","dateModified":"2016-06-10T10:46:43+00:00","mainEntityOfPage":{"@id":"https:\/\/thelabinthebag.com\/fr\/succes-a-lexport-pour-the-lab-in-the-bag\/"},"wordCount":78,"commentCount":0,"image":{"@id":"https:\/\/thelabinthebag.com\/fr\/succes-a-lexport-pour-the-lab-in-the-bag\/#primaryimage"},"thumbnailUrl":"https:\/\/thelabinthebag.com\/fr\/wp-content\/uploads\/sites\/3\/2015\/12\/export.jpg","keywords":["Analyse sensorielle","Cabine mobile et d\u00e9montable","export","international","Test organoleptique"],"articleSection":["Actualit\u00e9s"],"inLanguage":"fr-FR","potentialAction":[{"@type":"CommentAction","name":"Comment","target":["https:\/\/thelabinthebag.com\/fr\/succes-a-lexport-pour-the-lab-in-the-bag\/#respond"]}]},{"@type":"WebPage","@id":"https:\/\/thelabinthebag.com\/fr\/succes-a-lexport-pour-the-lab-in-the-bag\/","url":"https:\/\/thelabinthebag.com\/fr\/succes-a-lexport-pour-the-lab-in-the-bag\/","name":"Succ\u00e8s \u00e0 l'export des cabines The Lab in the Bag","isPartOf":{"@id":"https:\/\/thelabinthebag.com\/fr\/#website"},"primaryImageOfPage":{"@id":"https:\/\/thelabinthebag.com\/fr\/succes-a-lexport-pour-the-lab-in-the-bag\/#primaryimage"},"image":{"@id":"https:\/\/thelabinthebag.com\/fr\/succes-a-lexport-pour-the-lab-in-the-bag\/#primaryimage"},"thumbnailUrl":"https:\/\/thelabinthebag.com\/fr\/wp-content\/uploads\/sites\/3\/2015\/12\/export.jpg","datePublished":"2015-12-09T16:20:20+00:00","dateModified":"2016-06-10T10:46:43+00:00","author":{"@id":"https:\/\/thelabinthebag.com\/fr\/#\/schema\/person\/3eed0d43927eccbaced4dd9e14c914d7"},"description":"Depuis 2013, des cabines et des boxes d'analyse sensorielle The Lab in the Bag ont \u00e9t\u00e9 livr\u00e9es au UK, aux USA, en Australie et \u00e0 Singapour.","breadcrumb":{"@id":"https:\/\/thelabinthebag.com\/fr\/succes-a-lexport-pour-the-lab-in-the-bag\/#breadcrumb"},"inLanguage":"fr-FR","potentialAction":[{"@type":"ReadAction","target":["https:\/\/thelabinthebag.com\/fr\/succes-a-lexport-pour-the-lab-in-the-bag\/"]}]},{"@type":"ImageObject","inLanguage":"fr-FR","@id":"https:\/\/thelabinthebag.com\/fr\/succes-a-lexport-pour-the-lab-in-the-bag\/#primaryimage","url":"https:\/\/thelabinthebag.com\/fr\/wp-content\/uploads\/sites\/3\/2015\/12\/export.jpg","contentUrl":"https:\/\/thelabinthebag.com\/fr\/wp-content\/uploads\/sites\/3\/2015\/12\/export.jpg","width":200,"height":133},{"@type":"BreadcrumbList","@id":"https:\/\/thelabinthebag.com\/fr\/succes-a-lexport-pour-the-lab-in-the-bag\/#breadcrumb","itemListElement":[{"@type":"ListItem","position":1,"name":"Home","item":"https:\/\/thelabinthebag.com\/fr\/"},{"@type":"ListItem","position":2,"name":"Succ\u00e8s \u00e0 l&rsquo;export pour The Lab in the Bag"}]},{"@type":"WebSite","@id":"https:\/\/thelabinthebag.com\/fr\/#website","url":"https:\/\/thelabinthebag.com\/fr\/","name":"THE LAB in The Bag FR","description":"","potentialAction":[{"@type":"SearchAction","target":{"@type":"EntryPoint","urlTemplate":"https:\/\/thelabinthebag.com\/fr\/?s={search_term_string}"},"query-input":{"@type":"PropertyValueSpecification","valueRequired":true,"valueName":"search_term_string"}}],"inLanguage":"fr-FR"},{"@type":"Person","@id":"https:\/\/thelabinthebag.com\/fr\/#\/schema\/person\/3eed0d43927eccbaced4dd9e14c914d7","name":"fabiven","image":{"@type":"ImageObject","inLanguage":"fr-FR","@id":"https:\/\/secure.gravatar.com\/avatar\/889c8e027ad07f3d7381ae76f3d24d73e04876b107f596c2b538093aaaee1a26?s=96&d=mm&r=g","url":"https:\/\/secure.gravatar.com\/avatar\/889c8e027ad07f3d7381ae76f3d24d73e04876b107f596c2b538093aaaee1a26?s=96&d=mm&r=g","contentUrl":"https:\/\/secure.gravatar.com\/avatar\/889c8e027ad07f3d7381ae76f3d24d73e04876b107f596c2b538093aaaee1a26?s=96&d=mm&r=g","caption":"fabiven"},"url":"https:\/\/thelabinthebag.com\/fr\/author\/abiven\/"}]}},"_links":{"self":[{"href":"https:\/\/thelabinthebag.com\/fr\/wp-json\/wp\/v2\/posts\/420","targetHints":{"allow":["GET"]}}],"collection":[{"href":"https:\/\/thelabinthebag.com\/fr\/wp-json\/wp\/v2\/posts"}],"about":[{"href":"https:\/\/thelabinthebag.com\/fr\/wp-json\/wp\/v2\/types\/post"}],"author":[{"embeddable":true,"href":"https:\/\/thelabinthebag.com\/fr\/wp-json\/wp\/v2\/users\/5"}],"replies":[{"embeddable":true,"href":"https:\/\/thelabinthebag.com\/fr\/wp-json\/wp\/v2\/comments?post=420"}],"version-history":[{"count":0,"href":"https:\/\/thelabinthebag.com\/fr\/wp-json\/wp\/v2\/posts\/420\/revisions"}],"wp:featuredmedia":[{"embeddable":true,"href":"https:\/\/thelabinthebag.com\/fr\/wp-json\/wp\/v2\/media\/421"}],"wp:attachment":[{"href":"https:\/\/thelabinthebag.com\/fr\/wp-json\/wp\/v2\/media?parent=420"}],"wp:term":[{"taxonomy":"category","embeddable":true,"href":"https:\/\/thelabinthebag.com\/fr\/wp-json\/wp\/v2\/categories?post=420"},{"taxonomy":"post_tag","embeddable":true,"href":"https:\/\/thelabinthebag.com\/fr\/wp-json\/wp\/v2\/tags?post=420"}],"curies":[{"name":"wp","href":"https:\/\/api.w.org\/{rel}","templated":true}]}}