{"id":776,"date":"2015-09-05T09:10:10","date_gmt":"2015-09-05T08:10:10","guid":{"rendered":"https:\/\/thelabinthebag.com\/fr\/?p=776"},"modified":"2016-06-10T14:46:48","modified_gmt":"2016-06-10T13:46:48","slug":"desktop-lancement-de-produit","status":"publish","type":"post","link":"https:\/\/thelabinthebag.com\/fr\/desktop-lancement-de-produit\/","title":{"rendered":"DESKTOP &#8211; Lancement de produit"},"content":{"rendered":"<h2>Desktop &#8211; Box de table<\/h2>\n<ul>\n<li><strong>Poste d&rsquo;\u00e9valuation sensorielle nomade pour les salles munies de table et de chaise<\/strong><\/li>\n<li><strong>Mod\u00e8le d\u00e9montable et facilement transportable pour une utilisation ponctuelle<\/strong><\/li>\n<\/ul>\n<p>Box muni d&rsquo;une\u00a0tablette et de parois pliables en mat\u00e9riau polypropyl\u00e8ne alv\u00e9olaire renforc\u00e9e garantissant une parfaite\u00a0durabilit\u00e9 dans le temps du produit.<\/p>\n<p>Sur demande nous pouvons installer un passe-plat \u00e0 l&rsquo;arri\u00e8re pour passer les produits \u00e0 tester.<\/p>\n<p>En accessoirisant vos boxes avec des parois s\u00e9paratives,\u00a0les\u00a0<strong>Desktop<\/strong>\u00a0offrent la possibilit\u00e9 de\u00a0transformer votre salle existante en laboratoire d&rsquo;\u00e9valuation\u00a0sensorielle.<\/p>\n<p>L&rsquo;entretien des parois est tr\u00e8s simple et permet de nettoyer tout en conservant une parfaite int\u00e9grit\u00e9 des mat\u00e9riaux.<\/p>\n<p><a href=\"https:\/\/thelabinthebag.com\/fr\/wp-content\/uploads\/sites\/3\/2015\/07\/Desktop-3.jpg\" data-rel=\"lightbox-image-0\" data-rl_title=\"\" data-rl_caption=\"\" title=\"\"><img loading=\"lazy\" decoding=\"async\" class=\"aligncenter wp-image-560 size-full\" src=\"https:\/\/thelabinthebag.com\/fr\/wp-content\/uploads\/sites\/3\/2015\/07\/Desktop-3.jpg\" alt=\"Box Desktop avec paroi s\u00e9parative pour l'\u00e9valuation sensorielle\" width=\"800\" height=\"533\" srcset=\"https:\/\/thelabinthebag.com\/fr\/wp-content\/uploads\/sites\/3\/2015\/07\/Desktop-3.jpg 800w, https:\/\/thelabinthebag.com\/fr\/wp-content\/uploads\/sites\/3\/2015\/07\/Desktop-3-300x200.jpg 300w\" sizes=\"auto, (max-width: 800px) 100vw, 800px\" \/><\/a><\/p>\n","protected":false},"excerpt":{"rendered":"<p>Desktop &#8211; Box de table Poste d&rsquo;\u00e9valuation sensorielle nomade pour les salles munies de table et de chaise Mod\u00e8le d\u00e9montable et facilement transportable pour une utilisation ponctuelle Box muni d&rsquo;une\u00a0tablette et de parois pliables en mat\u00e9riau polypropyl\u00e8ne alv\u00e9olaire renforc\u00e9e garantissant une parfaite\u00a0durabilit\u00e9 dans le temps du produit. Sur demande nous pouvons installer un passe-plat \u00e0 [&hellip;]<\/p>\n","protected":false},"author":5,"featured_media":558,"comment_status":"open","ping_status":"open","sticky":false,"template":"","format":"standard","meta":{"footnotes":""},"categories":[1],"tags":[],"class_list":["post-776","post","type-post","status-publish","format-standard","has-post-thumbnail","hentry","category-actualites"],"yoast_head":"<!-- This site is optimized with the Yoast SEO plugin v27.4 - https:\/\/yoast.com\/product\/yoast-seo-wordpress\/ -->\n<title>Desktop - Lancement de produit<\/title>\n<meta name=\"description\" content=\"Box muni d&#039;une tablette et de parois pliables pour les salles de test sensoriel \u00e9quip\u00e9es de tables et de chaises.\" \/>\n<meta name=\"robots\" content=\"index, follow, max-snippet:-1, max-image-preview:large, max-video-preview:-1\" \/>\n<link rel=\"canonical\" href=\"https:\/\/thelabinthebag.com\/fr\/desktop-lancement-de-produit\/\" \/>\n<meta name=\"twitter:label1\" content=\"\u00c9crit par\" \/>\n\t<meta name=\"twitter:data1\" content=\"fabiven\" \/>\n\t<meta name=\"twitter:label2\" content=\"Dur\u00e9e de lecture estim\u00e9e\" \/>\n\t<meta name=\"twitter:data2\" content=\"1 minute\" \/>\n<script type=\"application\/ld+json\" class=\"yoast-schema-graph\">{\"@context\":\"https:\\\/\\\/schema.org\",\"@graph\":[{\"@type\":\"Article\",\"@id\":\"https:\\\/\\\/thelabinthebag.com\\\/fr\\\/desktop-lancement-de-produit\\\/#article\",\"isPartOf\":{\"@id\":\"https:\\\/\\\/thelabinthebag.com\\\/fr\\\/desktop-lancement-de-produit\\\/\"},\"author\":{\"name\":\"fabiven\",\"@id\":\"https:\\\/\\\/thelabinthebag.com\\\/fr\\\/#\\\/schema\\\/person\\\/3eed0d43927eccbaced4dd9e14c914d7\"},\"headline\":\"DESKTOP &#8211; Lancement de produit\",\"datePublished\":\"2015-09-05T08:10:10+00:00\",\"dateModified\":\"2016-06-10T13:46:48+00:00\",\"mainEntityOfPage\":{\"@id\":\"https:\\\/\\\/thelabinthebag.com\\\/fr\\\/desktop-lancement-de-produit\\\/\"},\"wordCount\":120,\"commentCount\":0,\"image\":{\"@id\":\"https:\\\/\\\/thelabinthebag.com\\\/fr\\\/desktop-lancement-de-produit\\\/#primaryimage\"},\"thumbnailUrl\":\"https:\\\/\\\/thelabinthebag.com\\\/fr\\\/wp-content\\\/uploads\\\/sites\\\/3\\\/2015\\\/07\\\/Desktop-1.jpg\",\"articleSection\":[\"Actualit\u00e9s\"],\"inLanguage\":\"fr-FR\",\"potentialAction\":[{\"@type\":\"CommentAction\",\"name\":\"Comment\",\"target\":[\"https:\\\/\\\/thelabinthebag.com\\\/fr\\\/desktop-lancement-de-produit\\\/#respond\"]}]},{\"@type\":\"WebPage\",\"@id\":\"https:\\\/\\\/thelabinthebag.com\\\/fr\\\/desktop-lancement-de-produit\\\/\",\"url\":\"https:\\\/\\\/thelabinthebag.com\\\/fr\\\/desktop-lancement-de-produit\\\/\",\"name\":\"Desktop - Lancement de produit\",\"isPartOf\":{\"@id\":\"https:\\\/\\\/thelabinthebag.com\\\/fr\\\/#website\"},\"primaryImageOfPage\":{\"@id\":\"https:\\\/\\\/thelabinthebag.com\\\/fr\\\/desktop-lancement-de-produit\\\/#primaryimage\"},\"image\":{\"@id\":\"https:\\\/\\\/thelabinthebag.com\\\/fr\\\/desktop-lancement-de-produit\\\/#primaryimage\"},\"thumbnailUrl\":\"https:\\\/\\\/thelabinthebag.com\\\/fr\\\/wp-content\\\/uploads\\\/sites\\\/3\\\/2015\\\/07\\\/Desktop-1.jpg\",\"datePublished\":\"2015-09-05T08:10:10+00:00\",\"dateModified\":\"2016-06-10T13:46:48+00:00\",\"author\":{\"@id\":\"https:\\\/\\\/thelabinthebag.com\\\/fr\\\/#\\\/schema\\\/person\\\/3eed0d43927eccbaced4dd9e14c914d7\"},\"description\":\"Box muni d'une tablette et de parois pliables pour les salles de test sensoriel \u00e9quip\u00e9es de tables et de chaises.\",\"breadcrumb\":{\"@id\":\"https:\\\/\\\/thelabinthebag.com\\\/fr\\\/desktop-lancement-de-produit\\\/#breadcrumb\"},\"inLanguage\":\"fr-FR\",\"potentialAction\":[{\"@type\":\"ReadAction\",\"target\":[\"https:\\\/\\\/thelabinthebag.com\\\/fr\\\/desktop-lancement-de-produit\\\/\"]}]},{\"@type\":\"ImageObject\",\"inLanguage\":\"fr-FR\",\"@id\":\"https:\\\/\\\/thelabinthebag.com\\\/fr\\\/desktop-lancement-de-produit\\\/#primaryimage\",\"url\":\"https:\\\/\\\/thelabinthebag.com\\\/fr\\\/wp-content\\\/uploads\\\/sites\\\/3\\\/2015\\\/07\\\/Desktop-1.jpg\",\"contentUrl\":\"https:\\\/\\\/thelabinthebag.com\\\/fr\\\/wp-content\\\/uploads\\\/sites\\\/3\\\/2015\\\/07\\\/Desktop-1.jpg\",\"width\":800,\"height\":693,\"caption\":\"cabine analyse sensorielle-Poste d'analyse sensorielle pour la table-Desktop Lab-test produit-packaging-concept-paroi s\u00e9parative-\u00e9valuation de la couleur, le contr\u00f4le de la qualit\u00e9 des couleurs et la comparaison de la variation de couleur\"},{\"@type\":\"BreadcrumbList\",\"@id\":\"https:\\\/\\\/thelabinthebag.com\\\/fr\\\/desktop-lancement-de-produit\\\/#breadcrumb\",\"itemListElement\":[{\"@type\":\"ListItem\",\"position\":1,\"name\":\"Home\",\"item\":\"https:\\\/\\\/thelabinthebag.com\\\/fr\\\/\"},{\"@type\":\"ListItem\",\"position\":2,\"name\":\"DESKTOP &#8211; Lancement de produit\"}]},{\"@type\":\"WebSite\",\"@id\":\"https:\\\/\\\/thelabinthebag.com\\\/fr\\\/#website\",\"url\":\"https:\\\/\\\/thelabinthebag.com\\\/fr\\\/\",\"name\":\"THE LAB in The Bag FR\",\"description\":\"\",\"potentialAction\":[{\"@type\":\"SearchAction\",\"target\":{\"@type\":\"EntryPoint\",\"urlTemplate\":\"https:\\\/\\\/thelabinthebag.com\\\/fr\\\/?s={search_term_string}\"},\"query-input\":{\"@type\":\"PropertyValueSpecification\",\"valueRequired\":true,\"valueName\":\"search_term_string\"}}],\"inLanguage\":\"fr-FR\"},{\"@type\":\"Person\",\"@id\":\"https:\\\/\\\/thelabinthebag.com\\\/fr\\\/#\\\/schema\\\/person\\\/3eed0d43927eccbaced4dd9e14c914d7\",\"name\":\"fabiven\",\"image\":{\"@type\":\"ImageObject\",\"inLanguage\":\"fr-FR\",\"@id\":\"https:\\\/\\\/secure.gravatar.com\\\/avatar\\\/889c8e027ad07f3d7381ae76f3d24d73e04876b107f596c2b538093aaaee1a26?s=96&d=mm&r=g\",\"url\":\"https:\\\/\\\/secure.gravatar.com\\\/avatar\\\/889c8e027ad07f3d7381ae76f3d24d73e04876b107f596c2b538093aaaee1a26?s=96&d=mm&r=g\",\"contentUrl\":\"https:\\\/\\\/secure.gravatar.com\\\/avatar\\\/889c8e027ad07f3d7381ae76f3d24d73e04876b107f596c2b538093aaaee1a26?s=96&d=mm&r=g\",\"caption\":\"fabiven\"},\"url\":\"https:\\\/\\\/thelabinthebag.com\\\/fr\\\/author\\\/abiven\\\/\"}]}<\/script>\n<!-- \/ Yoast SEO plugin. -->","yoast_head_json":{"title":"Desktop - Lancement de produit","description":"Box muni d'une tablette et de parois pliables pour les salles de test sensoriel \u00e9quip\u00e9es de tables et de chaises.","robots":{"index":"index","follow":"follow","max-snippet":"max-snippet:-1","max-image-preview":"max-image-preview:large","max-video-preview":"max-video-preview:-1"},"canonical":"https:\/\/thelabinthebag.com\/fr\/desktop-lancement-de-produit\/","twitter_misc":{"\u00c9crit par":"fabiven","Dur\u00e9e de lecture estim\u00e9e":"1 minute"},"schema":{"@context":"https:\/\/schema.org","@graph":[{"@type":"Article","@id":"https:\/\/thelabinthebag.com\/fr\/desktop-lancement-de-produit\/#article","isPartOf":{"@id":"https:\/\/thelabinthebag.com\/fr\/desktop-lancement-de-produit\/"},"author":{"name":"fabiven","@id":"https:\/\/thelabinthebag.com\/fr\/#\/schema\/person\/3eed0d43927eccbaced4dd9e14c914d7"},"headline":"DESKTOP &#8211; Lancement de produit","datePublished":"2015-09-05T08:10:10+00:00","dateModified":"2016-06-10T13:46:48+00:00","mainEntityOfPage":{"@id":"https:\/\/thelabinthebag.com\/fr\/desktop-lancement-de-produit\/"},"wordCount":120,"commentCount":0,"image":{"@id":"https:\/\/thelabinthebag.com\/fr\/desktop-lancement-de-produit\/#primaryimage"},"thumbnailUrl":"https:\/\/thelabinthebag.com\/fr\/wp-content\/uploads\/sites\/3\/2015\/07\/Desktop-1.jpg","articleSection":["Actualit\u00e9s"],"inLanguage":"fr-FR","potentialAction":[{"@type":"CommentAction","name":"Comment","target":["https:\/\/thelabinthebag.com\/fr\/desktop-lancement-de-produit\/#respond"]}]},{"@type":"WebPage","@id":"https:\/\/thelabinthebag.com\/fr\/desktop-lancement-de-produit\/","url":"https:\/\/thelabinthebag.com\/fr\/desktop-lancement-de-produit\/","name":"Desktop - Lancement de produit","isPartOf":{"@id":"https:\/\/thelabinthebag.com\/fr\/#website"},"primaryImageOfPage":{"@id":"https:\/\/thelabinthebag.com\/fr\/desktop-lancement-de-produit\/#primaryimage"},"image":{"@id":"https:\/\/thelabinthebag.com\/fr\/desktop-lancement-de-produit\/#primaryimage"},"thumbnailUrl":"https:\/\/thelabinthebag.com\/fr\/wp-content\/uploads\/sites\/3\/2015\/07\/Desktop-1.jpg","datePublished":"2015-09-05T08:10:10+00:00","dateModified":"2016-06-10T13:46:48+00:00","author":{"@id":"https:\/\/thelabinthebag.com\/fr\/#\/schema\/person\/3eed0d43927eccbaced4dd9e14c914d7"},"description":"Box muni d'une tablette et de parois pliables pour les salles de test sensoriel \u00e9quip\u00e9es de tables et de chaises.","breadcrumb":{"@id":"https:\/\/thelabinthebag.com\/fr\/desktop-lancement-de-produit\/#breadcrumb"},"inLanguage":"fr-FR","potentialAction":[{"@type":"ReadAction","target":["https:\/\/thelabinthebag.com\/fr\/desktop-lancement-de-produit\/"]}]},{"@type":"ImageObject","inLanguage":"fr-FR","@id":"https:\/\/thelabinthebag.com\/fr\/desktop-lancement-de-produit\/#primaryimage","url":"https:\/\/thelabinthebag.com\/fr\/wp-content\/uploads\/sites\/3\/2015\/07\/Desktop-1.jpg","contentUrl":"https:\/\/thelabinthebag.com\/fr\/wp-content\/uploads\/sites\/3\/2015\/07\/Desktop-1.jpg","width":800,"height":693,"caption":"cabine analyse sensorielle-Poste d'analyse sensorielle pour la table-Desktop Lab-test produit-packaging-concept-paroi s\u00e9parative-\u00e9valuation de la couleur, le contr\u00f4le de la qualit\u00e9 des couleurs et la comparaison de la variation de couleur"},{"@type":"BreadcrumbList","@id":"https:\/\/thelabinthebag.com\/fr\/desktop-lancement-de-produit\/#breadcrumb","itemListElement":[{"@type":"ListItem","position":1,"name":"Home","item":"https:\/\/thelabinthebag.com\/fr\/"},{"@type":"ListItem","position":2,"name":"DESKTOP &#8211; Lancement de produit"}]},{"@type":"WebSite","@id":"https:\/\/thelabinthebag.com\/fr\/#website","url":"https:\/\/thelabinthebag.com\/fr\/","name":"THE LAB in The Bag FR","description":"","potentialAction":[{"@type":"SearchAction","target":{"@type":"EntryPoint","urlTemplate":"https:\/\/thelabinthebag.com\/fr\/?s={search_term_string}"},"query-input":{"@type":"PropertyValueSpecification","valueRequired":true,"valueName":"search_term_string"}}],"inLanguage":"fr-FR"},{"@type":"Person","@id":"https:\/\/thelabinthebag.com\/fr\/#\/schema\/person\/3eed0d43927eccbaced4dd9e14c914d7","name":"fabiven","image":{"@type":"ImageObject","inLanguage":"fr-FR","@id":"https:\/\/secure.gravatar.com\/avatar\/889c8e027ad07f3d7381ae76f3d24d73e04876b107f596c2b538093aaaee1a26?s=96&d=mm&r=g","url":"https:\/\/secure.gravatar.com\/avatar\/889c8e027ad07f3d7381ae76f3d24d73e04876b107f596c2b538093aaaee1a26?s=96&d=mm&r=g","contentUrl":"https:\/\/secure.gravatar.com\/avatar\/889c8e027ad07f3d7381ae76f3d24d73e04876b107f596c2b538093aaaee1a26?s=96&d=mm&r=g","caption":"fabiven"},"url":"https:\/\/thelabinthebag.com\/fr\/author\/abiven\/"}]}},"_links":{"self":[{"href":"https:\/\/thelabinthebag.com\/fr\/wp-json\/wp\/v2\/posts\/776","targetHints":{"allow":["GET"]}}],"collection":[{"href":"https:\/\/thelabinthebag.com\/fr\/wp-json\/wp\/v2\/posts"}],"about":[{"href":"https:\/\/thelabinthebag.com\/fr\/wp-json\/wp\/v2\/types\/post"}],"author":[{"embeddable":true,"href":"https:\/\/thelabinthebag.com\/fr\/wp-json\/wp\/v2\/users\/5"}],"replies":[{"embeddable":true,"href":"https:\/\/thelabinthebag.com\/fr\/wp-json\/wp\/v2\/comments?post=776"}],"version-history":[{"count":0,"href":"https:\/\/thelabinthebag.com\/fr\/wp-json\/wp\/v2\/posts\/776\/revisions"}],"wp:featuredmedia":[{"embeddable":true,"href":"https:\/\/thelabinthebag.com\/fr\/wp-json\/wp\/v2\/media\/558"}],"wp:attachment":[{"href":"https:\/\/thelabinthebag.com\/fr\/wp-json\/wp\/v2\/media?parent=776"}],"wp:term":[{"taxonomy":"category","embeddable":true,"href":"https:\/\/thelabinthebag.com\/fr\/wp-json\/wp\/v2\/categories?post=776"},{"taxonomy":"post_tag","embeddable":true,"href":"https:\/\/thelabinthebag.com\/fr\/wp-json\/wp\/v2\/tags?post=776"}],"curies":[{"name":"wp","href":"https:\/\/api.w.org\/{rel}","templated":true}]}}