{"id":848,"date":"2016-09-14T10:30:42","date_gmt":"2016-09-14T09:30:42","guid":{"rendered":"https:\/\/thelabinthebag.com\/fr\/?p=848"},"modified":"2016-11-09T11:55:29","modified_gmt":"2016-11-09T10:55:29","slug":"eurosense","status":"publish","type":"post","link":"https:\/\/thelabinthebag.com\/fr\/eurosense\/","title":{"rendered":"EuroSense 2016 &#8211; The Lab in the Bag en d\u00e9monstration"},"content":{"rendered":"<h2 class=\"primary_colour\"><strong>EuroSense : Septi\u00e8me Conf\u00e9rence Europ\u00e9enne sur le Sensoriel et les \u00c9tudes Consommateurs<\/strong><\/h2>\n<p class=\"primary_colour\">L&rsquo;\u00e9quipe de The Lab in the Bag expose sa gamme compl\u00e8te de cabine mobile pour l&rsquo;analyse sensorielle pour des utilisations nomades et ponctuelles au salon\u00a0<strong><a href=\"http:\/\/www.eurosense.elsevier.com\/\" target=\"_blank\">Eurosense<\/a><\/strong>.<\/p>\n<p><em>11 &#8211; 14 Septembre 2016,\u00a0Palais des Congr\u00e9s de Dijon, France<\/em><\/p>\n<p><em><img loading=\"lazy\" decoding=\"async\" class=\" wp-image-576 aligncenter\" src=\"https:\/\/thelabinthebag.com\/wp-content\/uploads\/2016\/09\/EuroSense2016-The-Lab-in-the-Bag-e1473844423286.jpg\" alt=\"EuroSense 2016 - Exhibition stand of The Lab in the Bag\" width=\"819\" height=\"461\" \/><\/em><\/p>\n<p>&nbsp;<\/p>\n<p>\u00c0 cette occasion, nous\u00a0pr\u00e9sentons nos derni\u00e8res avanc\u00e9es\u00a0:<\/p>\n<p style=\"text-align: center\"><strong>Desktop Lab<\/strong>, le box d&rsquo;analyse sensorielle de table\u00a0con\u00e7u avec un mat\u00e9riau hautement performant<\/p>\n<p style=\"text-align: center\"><img loading=\"lazy\" decoding=\"async\" class=\"alignnone wp-image-609\" src=\"https:\/\/thelabinthebag.com\/wp-content\/uploads\/2016\/09\/Desktop-Lab1.gif\" alt=\"Desktop-Lab\" width=\"330\" height=\"303\" \/><\/p>\n<p style=\"text-align: center\"><strong>La Salle Immersive<\/strong>\u00a0pour une meilleure exp\u00e9rience sensorielle (<strong>Lancement en 2017!<\/strong>)<\/p>\n<p style=\"text-align: center\"><a href=\"https:\/\/thelabinthebag.com\/fr\/wp-content\/uploads\/sites\/3\/2016\/09\/Immersive-room.jpg\" data-rel=\"lightbox-image-0\" data-rl_title=\"\" data-rl_caption=\"\" title=\"\"><img loading=\"lazy\" decoding=\"async\" class=\"alignnone size-full wp-image-861\" src=\"https:\/\/thelabinthebag.com\/fr\/wp-content\/uploads\/sites\/3\/2016\/09\/Immersive-room.jpg\" alt=\"Immersive-room\" width=\"500\" height=\"296\" srcset=\"https:\/\/thelabinthebag.com\/fr\/wp-content\/uploads\/sites\/3\/2016\/09\/Immersive-room.jpg 500w, https:\/\/thelabinthebag.com\/fr\/wp-content\/uploads\/sites\/3\/2016\/09\/Immersive-room-300x178.jpg 300w\" sizes=\"auto, (max-width: 500px) 100vw, 500px\" \/><\/a><\/p>\n<p style=\"text-align: center\"><strong>Trackshopper<\/strong>, une application pour tablette capable de cartographier les comportements du shopper dans une boutique de mani\u00e8re rapide et efficace.<\/p>\n<p style=\"text-align: center\"><strong>Table Lab<\/strong>,\u00a0une table de r\u00e9union\u00a0transformable en table d&rsquo;analyse sensorielle avec des boxes<\/p>\n<p style=\"text-align: center\"><a href=\"https:\/\/thelabinthebag.com\/wp-content\/uploads\/2016\/09\/Table-Lab-Sensory-Lab.jpg\" data-rel=\"lightbox-image-1\" data-rl_title=\"\" data-rl_caption=\"\" title=\"\"><img loading=\"lazy\" decoding=\"async\" class=\"aligncenter wp-image-608\" src=\"https:\/\/thelabinthebag.com\/wp-content\/uploads\/2016\/09\/Table-Lab-Sensory-Lab.jpg\" alt=\"Table Lab-Sensory Lab\" width=\"422\" height=\"303\" \/><\/a><\/p>\n<p style=\"text-align: center\">Un nouvel accessoire, le\u00a0K<strong>it trois lumi\u00e8res<\/strong>\u00a0pour observer les couleurs\u00a0(cosm\u00e9tiques, textures, produits alimentaires, encre, packaging, v\u00eatements)<\/p>\n<p style=\"text-align: center\"><a href=\"https:\/\/thelabinthebag.com\/fr\/wp-content\/uploads\/sites\/3\/2016\/09\/Three-lights-kit.gif\" data-rel=\"lightbox-image-2\" data-rl_title=\"\" data-rl_caption=\"\" title=\"\"><img loading=\"lazy\" decoding=\"async\" class=\"alignnone wp-image-870\" src=\"https:\/\/thelabinthebag.com\/fr\/wp-content\/uploads\/sites\/3\/2016\/09\/Three-lights-kit.gif\" alt=\"Three-lights-kit\" width=\"324\" height=\"317\" \/><\/a><\/p>\n","protected":false},"excerpt":{"rendered":"<p>EuroSense : Septi\u00e8me Conf\u00e9rence Europ\u00e9enne sur le Sensoriel et les \u00c9tudes Consommateurs L&rsquo;\u00e9quipe de The Lab in the Bag expose sa gamme compl\u00e8te de cabine mobile pour l&rsquo;analyse sensorielle pour des utilisations nomades et ponctuelles au salon\u00a0Eurosense. 11 &#8211; 14 Septembre 2016,\u00a0Palais des Congr\u00e9s de Dijon, France &nbsp; \u00c0 cette occasion, nous\u00a0pr\u00e9sentons nos derni\u00e8res avanc\u00e9es\u00a0: [&hellip;]<\/p>\n","protected":false},"author":5,"featured_media":849,"comment_status":"open","ping_status":"open","sticky":false,"template":"","format":"standard","meta":{"footnotes":""},"categories":[1],"tags":[25,26],"class_list":["post-848","post","type-post","status-publish","format-standard","has-post-thumbnail","hentry","category-actualites","tag-eurosense","tag-stand-the-lab-in-the-bag"],"yoast_head":"<!-- This site is optimized with the Yoast SEO plugin v27.4 - https:\/\/yoast.com\/product\/yoast-seo-wordpress\/ -->\n<title>EuroSense 2016 - The Lab in the Bag<\/title>\n<meta name=\"description\" content=\"The Lab in the Bag expose \u00e0 EuroSense 2016 ses r\u00e9centes innovations (Application pour cartographier les comportements du shopper dans une boutique,...)\" \/>\n<meta name=\"robots\" content=\"index, follow, max-snippet:-1, max-image-preview:large, max-video-preview:-1\" \/>\n<link rel=\"canonical\" href=\"https:\/\/thelabinthebag.com\/fr\/eurosense\/\" \/>\n<meta name=\"twitter:label1\" content=\"\u00c9crit par\" \/>\n\t<meta name=\"twitter:data1\" content=\"fabiven\" \/>\n\t<meta name=\"twitter:label2\" content=\"Dur\u00e9e de lecture estim\u00e9e\" \/>\n\t<meta name=\"twitter:data2\" content=\"1 minute\" \/>\n<script type=\"application\/ld+json\" class=\"yoast-schema-graph\">{\"@context\":\"https:\\\/\\\/schema.org\",\"@graph\":[{\"@type\":\"Article\",\"@id\":\"https:\\\/\\\/thelabinthebag.com\\\/fr\\\/eurosense\\\/#article\",\"isPartOf\":{\"@id\":\"https:\\\/\\\/thelabinthebag.com\\\/fr\\\/eurosense\\\/\"},\"author\":{\"name\":\"fabiven\",\"@id\":\"https:\\\/\\\/thelabinthebag.com\\\/fr\\\/#\\\/schema\\\/person\\\/3eed0d43927eccbaced4dd9e14c914d7\"},\"headline\":\"EuroSense 2016 &#8211; The Lab in the Bag en d\u00e9monstration\",\"datePublished\":\"2016-09-14T09:30:42+00:00\",\"dateModified\":\"2016-11-09T10:55:29+00:00\",\"mainEntityOfPage\":{\"@id\":\"https:\\\/\\\/thelabinthebag.com\\\/fr\\\/eurosense\\\/\"},\"wordCount\":156,\"commentCount\":0,\"image\":{\"@id\":\"https:\\\/\\\/thelabinthebag.com\\\/fr\\\/eurosense\\\/#primaryimage\"},\"thumbnailUrl\":\"https:\\\/\\\/thelabinthebag.com\\\/fr\\\/wp-content\\\/uploads\\\/sites\\\/3\\\/2016\\\/09\\\/EuroSense2016-The-Lab-in-the-Bag-e1473845388173.jpg\",\"keywords\":[\"EuroSense\",\"Stand The Lab in the Bag\"],\"articleSection\":[\"Actualit\u00e9s\"],\"inLanguage\":\"fr-FR\",\"potentialAction\":[{\"@type\":\"CommentAction\",\"name\":\"Comment\",\"target\":[\"https:\\\/\\\/thelabinthebag.com\\\/fr\\\/eurosense\\\/#respond\"]}]},{\"@type\":\"WebPage\",\"@id\":\"https:\\\/\\\/thelabinthebag.com\\\/fr\\\/eurosense\\\/\",\"url\":\"https:\\\/\\\/thelabinthebag.com\\\/fr\\\/eurosense\\\/\",\"name\":\"EuroSense 2016 - The Lab in the Bag\",\"isPartOf\":{\"@id\":\"https:\\\/\\\/thelabinthebag.com\\\/fr\\\/#website\"},\"primaryImageOfPage\":{\"@id\":\"https:\\\/\\\/thelabinthebag.com\\\/fr\\\/eurosense\\\/#primaryimage\"},\"image\":{\"@id\":\"https:\\\/\\\/thelabinthebag.com\\\/fr\\\/eurosense\\\/#primaryimage\"},\"thumbnailUrl\":\"https:\\\/\\\/thelabinthebag.com\\\/fr\\\/wp-content\\\/uploads\\\/sites\\\/3\\\/2016\\\/09\\\/EuroSense2016-The-Lab-in-the-Bag-e1473845388173.jpg\",\"datePublished\":\"2016-09-14T09:30:42+00:00\",\"dateModified\":\"2016-11-09T10:55:29+00:00\",\"author\":{\"@id\":\"https:\\\/\\\/thelabinthebag.com\\\/fr\\\/#\\\/schema\\\/person\\\/3eed0d43927eccbaced4dd9e14c914d7\"},\"description\":\"The Lab in the Bag expose \u00e0 EuroSense 2016 ses r\u00e9centes innovations (Application pour cartographier les comportements du shopper dans une boutique,...)\",\"breadcrumb\":{\"@id\":\"https:\\\/\\\/thelabinthebag.com\\\/fr\\\/eurosense\\\/#breadcrumb\"},\"inLanguage\":\"fr-FR\",\"potentialAction\":[{\"@type\":\"ReadAction\",\"target\":[\"https:\\\/\\\/thelabinthebag.com\\\/fr\\\/eurosense\\\/\"]}]},{\"@type\":\"ImageObject\",\"inLanguage\":\"fr-FR\",\"@id\":\"https:\\\/\\\/thelabinthebag.com\\\/fr\\\/eurosense\\\/#primaryimage\",\"url\":\"https:\\\/\\\/thelabinthebag.com\\\/fr\\\/wp-content\\\/uploads\\\/sites\\\/3\\\/2016\\\/09\\\/EuroSense2016-The-Lab-in-the-Bag-e1473845388173.jpg\",\"contentUrl\":\"https:\\\/\\\/thelabinthebag.com\\\/fr\\\/wp-content\\\/uploads\\\/sites\\\/3\\\/2016\\\/09\\\/EuroSense2016-The-Lab-in-the-Bag-e1473845388173.jpg\",\"width\":1334,\"height\":750,\"caption\":\"cabine analyse sensorielle-EuroSense2016 - Stant The Lab in the Bag et Rep\u00e8res-Full Lab- cabine d'analyse sensorielle mobile et d\u00e9montable pour les tests-test organoleptique-produit-concept-packaging-Rep\u00e8res\"},{\"@type\":\"BreadcrumbList\",\"@id\":\"https:\\\/\\\/thelabinthebag.com\\\/fr\\\/eurosense\\\/#breadcrumb\",\"itemListElement\":[{\"@type\":\"ListItem\",\"position\":1,\"name\":\"Home\",\"item\":\"https:\\\/\\\/thelabinthebag.com\\\/fr\\\/\"},{\"@type\":\"ListItem\",\"position\":2,\"name\":\"EuroSense 2016 &#8211; The Lab in the Bag en d\u00e9monstration\"}]},{\"@type\":\"WebSite\",\"@id\":\"https:\\\/\\\/thelabinthebag.com\\\/fr\\\/#website\",\"url\":\"https:\\\/\\\/thelabinthebag.com\\\/fr\\\/\",\"name\":\"THE LAB in The Bag FR\",\"description\":\"\",\"potentialAction\":[{\"@type\":\"SearchAction\",\"target\":{\"@type\":\"EntryPoint\",\"urlTemplate\":\"https:\\\/\\\/thelabinthebag.com\\\/fr\\\/?s={search_term_string}\"},\"query-input\":{\"@type\":\"PropertyValueSpecification\",\"valueRequired\":true,\"valueName\":\"search_term_string\"}}],\"inLanguage\":\"fr-FR\"},{\"@type\":\"Person\",\"@id\":\"https:\\\/\\\/thelabinthebag.com\\\/fr\\\/#\\\/schema\\\/person\\\/3eed0d43927eccbaced4dd9e14c914d7\",\"name\":\"fabiven\",\"image\":{\"@type\":\"ImageObject\",\"inLanguage\":\"fr-FR\",\"@id\":\"https:\\\/\\\/secure.gravatar.com\\\/avatar\\\/889c8e027ad07f3d7381ae76f3d24d73e04876b107f596c2b538093aaaee1a26?s=96&d=mm&r=g\",\"url\":\"https:\\\/\\\/secure.gravatar.com\\\/avatar\\\/889c8e027ad07f3d7381ae76f3d24d73e04876b107f596c2b538093aaaee1a26?s=96&d=mm&r=g\",\"contentUrl\":\"https:\\\/\\\/secure.gravatar.com\\\/avatar\\\/889c8e027ad07f3d7381ae76f3d24d73e04876b107f596c2b538093aaaee1a26?s=96&d=mm&r=g\",\"caption\":\"fabiven\"},\"url\":\"https:\\\/\\\/thelabinthebag.com\\\/fr\\\/author\\\/abiven\\\/\"}]}<\/script>\n<!-- \/ Yoast SEO plugin. -->","yoast_head_json":{"title":"EuroSense 2016 - The Lab in the Bag","description":"The Lab in the Bag expose \u00e0 EuroSense 2016 ses r\u00e9centes innovations (Application pour cartographier les comportements du shopper dans une boutique,...)","robots":{"index":"index","follow":"follow","max-snippet":"max-snippet:-1","max-image-preview":"max-image-preview:large","max-video-preview":"max-video-preview:-1"},"canonical":"https:\/\/thelabinthebag.com\/fr\/eurosense\/","twitter_misc":{"\u00c9crit par":"fabiven","Dur\u00e9e de lecture estim\u00e9e":"1 minute"},"schema":{"@context":"https:\/\/schema.org","@graph":[{"@type":"Article","@id":"https:\/\/thelabinthebag.com\/fr\/eurosense\/#article","isPartOf":{"@id":"https:\/\/thelabinthebag.com\/fr\/eurosense\/"},"author":{"name":"fabiven","@id":"https:\/\/thelabinthebag.com\/fr\/#\/schema\/person\/3eed0d43927eccbaced4dd9e14c914d7"},"headline":"EuroSense 2016 &#8211; The Lab in the Bag en d\u00e9monstration","datePublished":"2016-09-14T09:30:42+00:00","dateModified":"2016-11-09T10:55:29+00:00","mainEntityOfPage":{"@id":"https:\/\/thelabinthebag.com\/fr\/eurosense\/"},"wordCount":156,"commentCount":0,"image":{"@id":"https:\/\/thelabinthebag.com\/fr\/eurosense\/#primaryimage"},"thumbnailUrl":"https:\/\/thelabinthebag.com\/fr\/wp-content\/uploads\/sites\/3\/2016\/09\/EuroSense2016-The-Lab-in-the-Bag-e1473845388173.jpg","keywords":["EuroSense","Stand The Lab in the Bag"],"articleSection":["Actualit\u00e9s"],"inLanguage":"fr-FR","potentialAction":[{"@type":"CommentAction","name":"Comment","target":["https:\/\/thelabinthebag.com\/fr\/eurosense\/#respond"]}]},{"@type":"WebPage","@id":"https:\/\/thelabinthebag.com\/fr\/eurosense\/","url":"https:\/\/thelabinthebag.com\/fr\/eurosense\/","name":"EuroSense 2016 - The Lab in the Bag","isPartOf":{"@id":"https:\/\/thelabinthebag.com\/fr\/#website"},"primaryImageOfPage":{"@id":"https:\/\/thelabinthebag.com\/fr\/eurosense\/#primaryimage"},"image":{"@id":"https:\/\/thelabinthebag.com\/fr\/eurosense\/#primaryimage"},"thumbnailUrl":"https:\/\/thelabinthebag.com\/fr\/wp-content\/uploads\/sites\/3\/2016\/09\/EuroSense2016-The-Lab-in-the-Bag-e1473845388173.jpg","datePublished":"2016-09-14T09:30:42+00:00","dateModified":"2016-11-09T10:55:29+00:00","author":{"@id":"https:\/\/thelabinthebag.com\/fr\/#\/schema\/person\/3eed0d43927eccbaced4dd9e14c914d7"},"description":"The Lab in the Bag expose \u00e0 EuroSense 2016 ses r\u00e9centes innovations (Application pour cartographier les comportements du shopper dans une boutique,...)","breadcrumb":{"@id":"https:\/\/thelabinthebag.com\/fr\/eurosense\/#breadcrumb"},"inLanguage":"fr-FR","potentialAction":[{"@type":"ReadAction","target":["https:\/\/thelabinthebag.com\/fr\/eurosense\/"]}]},{"@type":"ImageObject","inLanguage":"fr-FR","@id":"https:\/\/thelabinthebag.com\/fr\/eurosense\/#primaryimage","url":"https:\/\/thelabinthebag.com\/fr\/wp-content\/uploads\/sites\/3\/2016\/09\/EuroSense2016-The-Lab-in-the-Bag-e1473845388173.jpg","contentUrl":"https:\/\/thelabinthebag.com\/fr\/wp-content\/uploads\/sites\/3\/2016\/09\/EuroSense2016-The-Lab-in-the-Bag-e1473845388173.jpg","width":1334,"height":750,"caption":"cabine analyse sensorielle-EuroSense2016 - Stant The Lab in the Bag et Rep\u00e8res-Full Lab- cabine d'analyse sensorielle mobile et d\u00e9montable pour les tests-test organoleptique-produit-concept-packaging-Rep\u00e8res"},{"@type":"BreadcrumbList","@id":"https:\/\/thelabinthebag.com\/fr\/eurosense\/#breadcrumb","itemListElement":[{"@type":"ListItem","position":1,"name":"Home","item":"https:\/\/thelabinthebag.com\/fr\/"},{"@type":"ListItem","position":2,"name":"EuroSense 2016 &#8211; The Lab in the Bag en d\u00e9monstration"}]},{"@type":"WebSite","@id":"https:\/\/thelabinthebag.com\/fr\/#website","url":"https:\/\/thelabinthebag.com\/fr\/","name":"THE LAB in The Bag FR","description":"","potentialAction":[{"@type":"SearchAction","target":{"@type":"EntryPoint","urlTemplate":"https:\/\/thelabinthebag.com\/fr\/?s={search_term_string}"},"query-input":{"@type":"PropertyValueSpecification","valueRequired":true,"valueName":"search_term_string"}}],"inLanguage":"fr-FR"},{"@type":"Person","@id":"https:\/\/thelabinthebag.com\/fr\/#\/schema\/person\/3eed0d43927eccbaced4dd9e14c914d7","name":"fabiven","image":{"@type":"ImageObject","inLanguage":"fr-FR","@id":"https:\/\/secure.gravatar.com\/avatar\/889c8e027ad07f3d7381ae76f3d24d73e04876b107f596c2b538093aaaee1a26?s=96&d=mm&r=g","url":"https:\/\/secure.gravatar.com\/avatar\/889c8e027ad07f3d7381ae76f3d24d73e04876b107f596c2b538093aaaee1a26?s=96&d=mm&r=g","contentUrl":"https:\/\/secure.gravatar.com\/avatar\/889c8e027ad07f3d7381ae76f3d24d73e04876b107f596c2b538093aaaee1a26?s=96&d=mm&r=g","caption":"fabiven"},"url":"https:\/\/thelabinthebag.com\/fr\/author\/abiven\/"}]}},"_links":{"self":[{"href":"https:\/\/thelabinthebag.com\/fr\/wp-json\/wp\/v2\/posts\/848","targetHints":{"allow":["GET"]}}],"collection":[{"href":"https:\/\/thelabinthebag.com\/fr\/wp-json\/wp\/v2\/posts"}],"about":[{"href":"https:\/\/thelabinthebag.com\/fr\/wp-json\/wp\/v2\/types\/post"}],"author":[{"embeddable":true,"href":"https:\/\/thelabinthebag.com\/fr\/wp-json\/wp\/v2\/users\/5"}],"replies":[{"embeddable":true,"href":"https:\/\/thelabinthebag.com\/fr\/wp-json\/wp\/v2\/comments?post=848"}],"version-history":[{"count":0,"href":"https:\/\/thelabinthebag.com\/fr\/wp-json\/wp\/v2\/posts\/848\/revisions"}],"wp:featuredmedia":[{"embeddable":true,"href":"https:\/\/thelabinthebag.com\/fr\/wp-json\/wp\/v2\/media\/849"}],"wp:attachment":[{"href":"https:\/\/thelabinthebag.com\/fr\/wp-json\/wp\/v2\/media?parent=848"}],"wp:term":[{"taxonomy":"category","embeddable":true,"href":"https:\/\/thelabinthebag.com\/fr\/wp-json\/wp\/v2\/categories?post=848"},{"taxonomy":"post_tag","embeddable":true,"href":"https:\/\/thelabinthebag.com\/fr\/wp-json\/wp\/v2\/tags?post=848"}],"curies":[{"name":"wp","href":"https:\/\/api.w.org\/{rel}","templated":true}]}}