{"id":93,"date":"2013-07-26T08:52:22","date_gmt":"2013-07-26T08:52:22","guid":{"rendered":"https:\/\/thelabinthebag.com\/?p=1"},"modified":"2016-08-02T13:40:13","modified_gmt":"2016-08-02T12:40:13","slug":"analyse-sensorielle-revolutionnaire","status":"publish","type":"post","link":"https:\/\/thelabinthebag.com\/fr\/analyse-sensorielle-revolutionnaire\/","title":{"rendered":"L&rsquo;analyse sensorielle avec nos cabines r\u00e9volutionnaires"},"content":{"rendered":"<h2>Lancement de produit innovant pour l&rsquo;\u00e9tude\u00a0sensorielle<\/h2>\n<p>\u00c0\u00a0l&rsquo;initiative de Fran\u00e7ois Abiven et de Frank Saunier, l&rsquo;institut d&rsquo;\u00e9tudes marketing et R&amp;D\u00a0<a href=\"http:\/\/reperes.eu\/\" target=\"_blank\"><strong>Rep\u00e8res<\/strong>\u00a0<\/a>innove en lan\u00e7ant\u00a0le nouveau concept de cabine d&rsquo;analyse sensorielle mobile et d\u00e9montable <a href=\"https:\/\/thelabinthebag.com\/fr\/the-lab-in-the-bag\/\" target=\"_blank\"><strong>Full Lab<em>\u00a0<\/em><\/strong><\/a>afin de r\u00e9volutionner l&rsquo;univers des \u00e9tudes.<\/p>\n<p>La cabine Full Lab est con\u00e7ue pour optimiser les missions des charg\u00e9s d&rsquo;\u00e9tudes de par son design l\u00e9ger et son installation tr\u00e8s simple. Le testeur est ainsi install\u00e9 dans un cadre neutre\u00a0au niveau du contexte\u00a0ce qui garantie des conditions standardis\u00e9es optimales pour effectuer le test organoleptique.<\/p>\n<p><a href=\"https:\/\/thelabinthebag.com\/fr\/wp-content\/uploads\/sites\/3\/2015\/07\/Full-Booth-2.jpg\" data-rel=\"lightbox-image-0\" data-rl_title=\"\" data-rl_caption=\"\" title=\"\"><img loading=\"lazy\" decoding=\"async\" class=\"size-full wp-image-562 aligncenter\" src=\"https:\/\/thelabinthebag.com\/fr\/wp-content\/uploads\/sites\/3\/2015\/07\/Full-Booth-2.jpg\" alt=\"Cabine pour l'isolation sensorielle totale des tests organoleptiques\" width=\"800\" height=\"533\" srcset=\"https:\/\/thelabinthebag.com\/fr\/wp-content\/uploads\/sites\/3\/2015\/07\/Full-Booth-2.jpg 800w, https:\/\/thelabinthebag.com\/fr\/wp-content\/uploads\/sites\/3\/2015\/07\/Full-Booth-2-300x200.jpg 300w\" sizes=\"auto, (max-width: 800px) 100vw, 800px\" \/><\/a><\/p>\n","protected":false},"excerpt":{"rendered":"<p>Lancement de produit innovant pour l&rsquo;\u00e9tude\u00a0sensorielle \u00c0\u00a0l&rsquo;initiative de Fran\u00e7ois Abiven et de Frank Saunier, l&rsquo;institut d&rsquo;\u00e9tudes marketing et R&amp;D\u00a0Rep\u00e8res\u00a0innove en lan\u00e7ant\u00a0le nouveau concept de cabine d&rsquo;analyse sensorielle mobile et d\u00e9montable Full Lab\u00a0afin de r\u00e9volutionner l&rsquo;univers des \u00e9tudes. La cabine Full Lab est con\u00e7ue pour optimiser les missions des charg\u00e9s d&rsquo;\u00e9tudes de par son design l\u00e9ger [&hellip;]<\/p>\n","protected":false},"author":1,"featured_media":117,"comment_status":"open","ping_status":"open","sticky":false,"template":"","format":"standard","meta":{"footnotes":""},"categories":[1],"tags":[8,9,5,11,10,7],"class_list":["post-93","post","type-post","status-publish","format-standard","has-post-thumbnail","hentry","category-actualites","tag-analyse-sensorielle","tag-cabine-mobile-et-demontable","tag-full-lab","tag-innovation","tag-lancement-de-produit","tag-test-organoleptique"],"yoast_head":"<!-- This site is optimized with the Yoast SEO plugin v27.4 - https:\/\/yoast.com\/product\/yoast-seo-wordpress\/ -->\n<title>Une cabine d&#039;analyse sensorielle r\u00e9volutionnaire<\/title>\n<meta name=\"description\" content=\"Lancement du concept de cabine d&#039;analyse sensorielle mobile et d\u00e9montable adapt\u00e9e aux tests organoleptiques (olfactif, visuel, auditif, haptique).\" \/>\n<meta name=\"robots\" content=\"index, follow, max-snippet:-1, max-image-preview:large, max-video-preview:-1\" \/>\n<link rel=\"canonical\" href=\"https:\/\/thelabinthebag.com\/fr\/analyse-sensorielle-revolutionnaire\/\" \/>\n<meta name=\"twitter:label1\" content=\"\u00c9crit par\" \/>\n\t<meta name=\"twitter:data1\" content=\"Richard\" \/>\n\t<meta name=\"twitter:label2\" content=\"Dur\u00e9e de lecture estim\u00e9e\" \/>\n\t<meta name=\"twitter:data2\" content=\"1 minute\" \/>\n<script type=\"application\/ld+json\" class=\"yoast-schema-graph\">{\"@context\":\"https:\\\/\\\/schema.org\",\"@graph\":[{\"@type\":\"Article\",\"@id\":\"https:\\\/\\\/thelabinthebag.com\\\/fr\\\/analyse-sensorielle-revolutionnaire\\\/#article\",\"isPartOf\":{\"@id\":\"https:\\\/\\\/thelabinthebag.com\\\/fr\\\/analyse-sensorielle-revolutionnaire\\\/\"},\"author\":{\"name\":\"Richard\",\"@id\":\"https:\\\/\\\/thelabinthebag.com\\\/fr\\\/#\\\/schema\\\/person\\\/49957e6055900650843907a52b011ec1\"},\"headline\":\"L&rsquo;analyse sensorielle avec nos cabines r\u00e9volutionnaires\",\"datePublished\":\"2013-07-26T08:52:22+00:00\",\"dateModified\":\"2016-08-02T12:40:13+00:00\",\"mainEntityOfPage\":{\"@id\":\"https:\\\/\\\/thelabinthebag.com\\\/fr\\\/analyse-sensorielle-revolutionnaire\\\/\"},\"wordCount\":112,\"commentCount\":0,\"image\":{\"@id\":\"https:\\\/\\\/thelabinthebag.com\\\/fr\\\/analyse-sensorielle-revolutionnaire\\\/#primaryimage\"},\"thumbnailUrl\":\"https:\\\/\\\/thelabinthebag.com\\\/fr\\\/wp-content\\\/uploads\\\/sites\\\/3\\\/2013\\\/08\\\/9486-130724-LIB01_960.jpg\",\"keywords\":[\"Analyse sensorielle\",\"Cabine mobile et d\u00e9montable\",\"Full Lab\",\"innovation\",\"lancement de produit\",\"Test organoleptique\"],\"articleSection\":[\"Actualit\u00e9s\"],\"inLanguage\":\"fr-FR\",\"potentialAction\":[{\"@type\":\"CommentAction\",\"name\":\"Comment\",\"target\":[\"https:\\\/\\\/thelabinthebag.com\\\/fr\\\/analyse-sensorielle-revolutionnaire\\\/#respond\"]}]},{\"@type\":\"WebPage\",\"@id\":\"https:\\\/\\\/thelabinthebag.com\\\/fr\\\/analyse-sensorielle-revolutionnaire\\\/\",\"url\":\"https:\\\/\\\/thelabinthebag.com\\\/fr\\\/analyse-sensorielle-revolutionnaire\\\/\",\"name\":\"Une cabine d'analyse sensorielle r\u00e9volutionnaire\",\"isPartOf\":{\"@id\":\"https:\\\/\\\/thelabinthebag.com\\\/fr\\\/#website\"},\"primaryImageOfPage\":{\"@id\":\"https:\\\/\\\/thelabinthebag.com\\\/fr\\\/analyse-sensorielle-revolutionnaire\\\/#primaryimage\"},\"image\":{\"@id\":\"https:\\\/\\\/thelabinthebag.com\\\/fr\\\/analyse-sensorielle-revolutionnaire\\\/#primaryimage\"},\"thumbnailUrl\":\"https:\\\/\\\/thelabinthebag.com\\\/fr\\\/wp-content\\\/uploads\\\/sites\\\/3\\\/2013\\\/08\\\/9486-130724-LIB01_960.jpg\",\"datePublished\":\"2013-07-26T08:52:22+00:00\",\"dateModified\":\"2016-08-02T12:40:13+00:00\",\"author\":{\"@id\":\"https:\\\/\\\/thelabinthebag.com\\\/fr\\\/#\\\/schema\\\/person\\\/49957e6055900650843907a52b011ec1\"},\"description\":\"Lancement du concept de cabine d'analyse sensorielle mobile et d\u00e9montable adapt\u00e9e aux tests organoleptiques (olfactif, visuel, auditif, haptique).\",\"breadcrumb\":{\"@id\":\"https:\\\/\\\/thelabinthebag.com\\\/fr\\\/analyse-sensorielle-revolutionnaire\\\/#breadcrumb\"},\"inLanguage\":\"fr-FR\",\"potentialAction\":[{\"@type\":\"ReadAction\",\"target\":[\"https:\\\/\\\/thelabinthebag.com\\\/fr\\\/analyse-sensorielle-revolutionnaire\\\/\"]}]},{\"@type\":\"ImageObject\",\"inLanguage\":\"fr-FR\",\"@id\":\"https:\\\/\\\/thelabinthebag.com\\\/fr\\\/analyse-sensorielle-revolutionnaire\\\/#primaryimage\",\"url\":\"https:\\\/\\\/thelabinthebag.com\\\/fr\\\/wp-content\\\/uploads\\\/sites\\\/3\\\/2013\\\/08\\\/9486-130724-LIB01_960.jpg\",\"contentUrl\":\"https:\\\/\\\/thelabinthebag.com\\\/fr\\\/wp-content\\\/uploads\\\/sites\\\/3\\\/2013\\\/08\\\/9486-130724-LIB01_960.jpg\",\"width\":960,\"height\":375,\"caption\":\"cabine analyse sensorielle-Full Lab- cabine d'analyse sensorielle mobile et d\u00e9montable pour les tests-test organoleptique-produit-concept-packaging-Rep\u00e8res\"},{\"@type\":\"BreadcrumbList\",\"@id\":\"https:\\\/\\\/thelabinthebag.com\\\/fr\\\/analyse-sensorielle-revolutionnaire\\\/#breadcrumb\",\"itemListElement\":[{\"@type\":\"ListItem\",\"position\":1,\"name\":\"Home\",\"item\":\"https:\\\/\\\/thelabinthebag.com\\\/fr\\\/\"},{\"@type\":\"ListItem\",\"position\":2,\"name\":\"L&rsquo;analyse sensorielle avec nos cabines r\u00e9volutionnaires\"}]},{\"@type\":\"WebSite\",\"@id\":\"https:\\\/\\\/thelabinthebag.com\\\/fr\\\/#website\",\"url\":\"https:\\\/\\\/thelabinthebag.com\\\/fr\\\/\",\"name\":\"THE LAB in The Bag FR\",\"description\":\"\",\"potentialAction\":[{\"@type\":\"SearchAction\",\"target\":{\"@type\":\"EntryPoint\",\"urlTemplate\":\"https:\\\/\\\/thelabinthebag.com\\\/fr\\\/?s={search_term_string}\"},\"query-input\":{\"@type\":\"PropertyValueSpecification\",\"valueRequired\":true,\"valueName\":\"search_term_string\"}}],\"inLanguage\":\"fr-FR\"},{\"@type\":\"Person\",\"@id\":\"https:\\\/\\\/thelabinthebag.com\\\/fr\\\/#\\\/schema\\\/person\\\/49957e6055900650843907a52b011ec1\",\"name\":\"Richard\",\"image\":{\"@type\":\"ImageObject\",\"inLanguage\":\"fr-FR\",\"@id\":\"https:\\\/\\\/secure.gravatar.com\\\/avatar\\\/0dd879fb0c443f7ebebca8e4d754547739a621a44fa272beb1844e4d5a453502?s=96&d=mm&r=g\",\"url\":\"https:\\\/\\\/secure.gravatar.com\\\/avatar\\\/0dd879fb0c443f7ebebca8e4d754547739a621a44fa272beb1844e4d5a453502?s=96&d=mm&r=g\",\"contentUrl\":\"https:\\\/\\\/secure.gravatar.com\\\/avatar\\\/0dd879fb0c443f7ebebca8e4d754547739a621a44fa272beb1844e4d5a453502?s=96&d=mm&r=g\",\"caption\":\"Richard\"},\"url\":\"https:\\\/\\\/thelabinthebag.com\\\/fr\\\/author\\\/thelab\\\/\"}]}<\/script>\n<!-- \/ Yoast SEO plugin. -->","yoast_head_json":{"title":"Une cabine d'analyse sensorielle r\u00e9volutionnaire","description":"Lancement du concept de cabine d'analyse sensorielle mobile et d\u00e9montable adapt\u00e9e aux tests organoleptiques (olfactif, visuel, auditif, haptique).","robots":{"index":"index","follow":"follow","max-snippet":"max-snippet:-1","max-image-preview":"max-image-preview:large","max-video-preview":"max-video-preview:-1"},"canonical":"https:\/\/thelabinthebag.com\/fr\/analyse-sensorielle-revolutionnaire\/","twitter_misc":{"\u00c9crit par":"Richard","Dur\u00e9e de lecture estim\u00e9e":"1 minute"},"schema":{"@context":"https:\/\/schema.org","@graph":[{"@type":"Article","@id":"https:\/\/thelabinthebag.com\/fr\/analyse-sensorielle-revolutionnaire\/#article","isPartOf":{"@id":"https:\/\/thelabinthebag.com\/fr\/analyse-sensorielle-revolutionnaire\/"},"author":{"name":"Richard","@id":"https:\/\/thelabinthebag.com\/fr\/#\/schema\/person\/49957e6055900650843907a52b011ec1"},"headline":"L&rsquo;analyse sensorielle avec nos cabines r\u00e9volutionnaires","datePublished":"2013-07-26T08:52:22+00:00","dateModified":"2016-08-02T12:40:13+00:00","mainEntityOfPage":{"@id":"https:\/\/thelabinthebag.com\/fr\/analyse-sensorielle-revolutionnaire\/"},"wordCount":112,"commentCount":0,"image":{"@id":"https:\/\/thelabinthebag.com\/fr\/analyse-sensorielle-revolutionnaire\/#primaryimage"},"thumbnailUrl":"https:\/\/thelabinthebag.com\/fr\/wp-content\/uploads\/sites\/3\/2013\/08\/9486-130724-LIB01_960.jpg","keywords":["Analyse sensorielle","Cabine mobile et d\u00e9montable","Full Lab","innovation","lancement de produit","Test organoleptique"],"articleSection":["Actualit\u00e9s"],"inLanguage":"fr-FR","potentialAction":[{"@type":"CommentAction","name":"Comment","target":["https:\/\/thelabinthebag.com\/fr\/analyse-sensorielle-revolutionnaire\/#respond"]}]},{"@type":"WebPage","@id":"https:\/\/thelabinthebag.com\/fr\/analyse-sensorielle-revolutionnaire\/","url":"https:\/\/thelabinthebag.com\/fr\/analyse-sensorielle-revolutionnaire\/","name":"Une cabine d'analyse sensorielle r\u00e9volutionnaire","isPartOf":{"@id":"https:\/\/thelabinthebag.com\/fr\/#website"},"primaryImageOfPage":{"@id":"https:\/\/thelabinthebag.com\/fr\/analyse-sensorielle-revolutionnaire\/#primaryimage"},"image":{"@id":"https:\/\/thelabinthebag.com\/fr\/analyse-sensorielle-revolutionnaire\/#primaryimage"},"thumbnailUrl":"https:\/\/thelabinthebag.com\/fr\/wp-content\/uploads\/sites\/3\/2013\/08\/9486-130724-LIB01_960.jpg","datePublished":"2013-07-26T08:52:22+00:00","dateModified":"2016-08-02T12:40:13+00:00","author":{"@id":"https:\/\/thelabinthebag.com\/fr\/#\/schema\/person\/49957e6055900650843907a52b011ec1"},"description":"Lancement du concept de cabine d'analyse sensorielle mobile et d\u00e9montable adapt\u00e9e aux tests organoleptiques (olfactif, visuel, auditif, haptique).","breadcrumb":{"@id":"https:\/\/thelabinthebag.com\/fr\/analyse-sensorielle-revolutionnaire\/#breadcrumb"},"inLanguage":"fr-FR","potentialAction":[{"@type":"ReadAction","target":["https:\/\/thelabinthebag.com\/fr\/analyse-sensorielle-revolutionnaire\/"]}]},{"@type":"ImageObject","inLanguage":"fr-FR","@id":"https:\/\/thelabinthebag.com\/fr\/analyse-sensorielle-revolutionnaire\/#primaryimage","url":"https:\/\/thelabinthebag.com\/fr\/wp-content\/uploads\/sites\/3\/2013\/08\/9486-130724-LIB01_960.jpg","contentUrl":"https:\/\/thelabinthebag.com\/fr\/wp-content\/uploads\/sites\/3\/2013\/08\/9486-130724-LIB01_960.jpg","width":960,"height":375,"caption":"cabine analyse sensorielle-Full Lab- cabine d'analyse sensorielle mobile et d\u00e9montable pour les tests-test organoleptique-produit-concept-packaging-Rep\u00e8res"},{"@type":"BreadcrumbList","@id":"https:\/\/thelabinthebag.com\/fr\/analyse-sensorielle-revolutionnaire\/#breadcrumb","itemListElement":[{"@type":"ListItem","position":1,"name":"Home","item":"https:\/\/thelabinthebag.com\/fr\/"},{"@type":"ListItem","position":2,"name":"L&rsquo;analyse sensorielle avec nos cabines r\u00e9volutionnaires"}]},{"@type":"WebSite","@id":"https:\/\/thelabinthebag.com\/fr\/#website","url":"https:\/\/thelabinthebag.com\/fr\/","name":"THE LAB in The Bag FR","description":"","potentialAction":[{"@type":"SearchAction","target":{"@type":"EntryPoint","urlTemplate":"https:\/\/thelabinthebag.com\/fr\/?s={search_term_string}"},"query-input":{"@type":"PropertyValueSpecification","valueRequired":true,"valueName":"search_term_string"}}],"inLanguage":"fr-FR"},{"@type":"Person","@id":"https:\/\/thelabinthebag.com\/fr\/#\/schema\/person\/49957e6055900650843907a52b011ec1","name":"Richard","image":{"@type":"ImageObject","inLanguage":"fr-FR","@id":"https:\/\/secure.gravatar.com\/avatar\/0dd879fb0c443f7ebebca8e4d754547739a621a44fa272beb1844e4d5a453502?s=96&d=mm&r=g","url":"https:\/\/secure.gravatar.com\/avatar\/0dd879fb0c443f7ebebca8e4d754547739a621a44fa272beb1844e4d5a453502?s=96&d=mm&r=g","contentUrl":"https:\/\/secure.gravatar.com\/avatar\/0dd879fb0c443f7ebebca8e4d754547739a621a44fa272beb1844e4d5a453502?s=96&d=mm&r=g","caption":"Richard"},"url":"https:\/\/thelabinthebag.com\/fr\/author\/thelab\/"}]}},"_links":{"self":[{"href":"https:\/\/thelabinthebag.com\/fr\/wp-json\/wp\/v2\/posts\/93","targetHints":{"allow":["GET"]}}],"collection":[{"href":"https:\/\/thelabinthebag.com\/fr\/wp-json\/wp\/v2\/posts"}],"about":[{"href":"https:\/\/thelabinthebag.com\/fr\/wp-json\/wp\/v2\/types\/post"}],"author":[{"embeddable":true,"href":"https:\/\/thelabinthebag.com\/fr\/wp-json\/wp\/v2\/users\/1"}],"replies":[{"embeddable":true,"href":"https:\/\/thelabinthebag.com\/fr\/wp-json\/wp\/v2\/comments?post=93"}],"version-history":[{"count":0,"href":"https:\/\/thelabinthebag.com\/fr\/wp-json\/wp\/v2\/posts\/93\/revisions"}],"wp:featuredmedia":[{"embeddable":true,"href":"https:\/\/thelabinthebag.com\/fr\/wp-json\/wp\/v2\/media\/117"}],"wp:attachment":[{"href":"https:\/\/thelabinthebag.com\/fr\/wp-json\/wp\/v2\/media?parent=93"}],"wp:term":[{"taxonomy":"category","embeddable":true,"href":"https:\/\/thelabinthebag.com\/fr\/wp-json\/wp\/v2\/categories?post=93"},{"taxonomy":"post_tag","embeddable":true,"href":"https:\/\/thelabinthebag.com\/fr\/wp-json\/wp\/v2\/tags?post=93"}],"curies":[{"name":"wp","href":"https:\/\/api.w.org\/{rel}","templated":true}]}}